{"id":12646,"date":"2011-11-14T13:54:38","date_gmt":"2011-11-14T16:54:38","guid":{"rendered":"http:\/\/www.locoxelrojo.com.ar\/independiente\/?p=12646"},"modified":"2011-11-14T13:54:38","modified_gmt":"2011-11-14T16:54:38","slug":"vuelta-al-trabajo-7","status":"publish","type":"post","link":"https:\/\/www.locoxelrojo.com\/independiente\/2011\/11\/14\/vuelta-al-trabajo-7\/","title":{"rendered":"Vuelta al trabajo"},"content":{"rendered":"<p><a href=\"http:\/\/www.locoxelrojo.com.ar\/independiente\/wp-content\/uploads\/2011\/11\/pellerano_tuzzio.jpg\"><img loading=\"lazy\" class=\"alignnone size-full wp-image-12647\" title=\"pellerano_tuzzio\" src=\"http:\/\/www.locoxelrojo.com.ar\/independiente\/wp-content\/uploads\/2011\/11\/pellerano_tuzzio.jpg\" alt=\"\" width=\"590\" height=\"315\" srcset=\"https:\/\/locoxelrojo.com\/independiente\/wp-content\/uploads\/2011\/11\/pellerano_tuzzio.jpg 590w, https:\/\/locoxelrojo.com\/independiente\/wp-content\/uploads\/2011\/11\/pellerano_tuzzio-300x160.jpg 300w\" sizes=\"(max-width: 590px) 100vw, 590px\" \/><\/a><\/p>\n<p>Luego de tener el domingo libre, Independiente volvi\u00f3 a los entrenamientos en Villa Dom\u00ednico en donde hubo ejercicios f\u00edsicos y t\u00e1cticos. En primera instancia, hubo trotes y pasadas. Luego lleg\u00f3 el turno de la pelota en donde el cuerpo t\u00e9cnico dispuso ejercicios de definici\u00f3n en ataque.<\/p>\n<p>Adri\u00e1n Argach\u00e1 y Carlos Matheu, ya recuperados de sus lesiones, se entrenaron con normalidad y tanto Patricio Rodr\u00edguez como Lucas Kruspzky siguen diferenciados con kinesiolog\u00eda.<\/p>\n<p>Luego de la pr\u00e1ctica Cristian Pellerano declar\u00f3: &#8220;Somos concientes de que este plantel consigui\u00f3 cosas importantes. Mentalizandonos as\u00ed podemos salir de esta situaci\u00f3n&#8221;. El Rojo vuelve a los entrenamientos ma\u00f1ana a las 9 de la ma\u00f1ana en el mismo predio.<\/p>\n","protected":false},"excerpt":{"rendered":"<p>Luego de tener el domingo libre, Independiente volvi\u00f3 a los entrenamientos en Villa Dom\u00ednico en donde hubo ejercicios f\u00edsicos y t\u00e1cticos. En primera instancia, hubo trotes y pasadas. Luego lleg\u00f3 el turno de la pelota en donde el cuerpo t\u00e9cnico dispuso ejercicios de definici\u00f3n en ataque. Adri\u00e1n Argach\u00e1 y Carlos Matheu, ya recuperados de sus [&hellip;]<\/p>\n","protected":false},"author":1,"featured_media":0,"comment_status":"open","ping_status":"open","sticky":false,"template":"","format":"standard","meta":{"_links_to":"","_links_to_target":""},"categories":[3,1],"tags":[898,27,153,163,41],"_links":{"self":[{"href":"https:\/\/www.locoxelrojo.com\/independiente\/wp-json\/wp\/v2\/posts\/12646"}],"collection":[{"href":"https:\/\/www.locoxelrojo.com\/independiente\/wp-json\/wp\/v2\/posts"}],"about":[{"href":"https:\/\/www.locoxelrojo.com\/independiente\/wp-json\/wp\/v2\/types\/post"}],"author":[{"embeddable":true,"href":"https:\/\/www.locoxelrojo.com\/independiente\/wp-json\/wp\/v2\/users\/1"}],"replies":[{"embeddable":true,"href":"https:\/\/www.locoxelrojo.com\/independiente\/wp-json\/wp\/v2\/comments?post=12646"}],"version-history":[{"count":0,"href":"https:\/\/www.locoxelrojo.com\/independiente\/wp-json\/wp\/v2\/posts\/12646\/revisions"}],"wp:attachment":[{"href":"https:\/\/www.locoxelrojo.com\/independiente\/wp-json\/wp\/v2\/media?parent=12646"}],"wp:term":[{"taxonomy":"category","embeddable":true,"href":"https:\/\/www.locoxelrojo.com\/independiente\/wp-json\/wp\/v2\/categories?post=12646"},{"taxonomy":"post_tag","embeddable":true,"href":"https:\/\/www.locoxelrojo.com\/independiente\/wp-json\/wp\/v2\/tags?post=12646"}],"curies":[{"name":"wp","href":"https:\/\/api.w.org\/{rel}","templated":true}]}}