{"id":126760,"date":"2025-09-09T23:54:00","date_gmt":"2025-09-10T02:54:00","guid":{"rendered":"https:\/\/www.locoxelrojo.com\/independiente\/?p=126760"},"modified":"2025-09-09T23:54:50","modified_gmt":"2025-09-10T02:54:50","slug":"gariano-el-arbitro-contra-el-taladro","status":"publish","type":"post","link":"https:\/\/www.locoxelrojo.com\/independiente\/2025\/09\/09\/gariano-el-arbitro-contra-el-taladro\/","title":{"rendered":"Gariano, el \u00e1rbitro contra el Taladro"},"content":{"rendered":"<p><strong>Independiente recibir\u00e1 a Banfield en el Libertadores de Am\u00e9rica \u2013 Ricardo Enrique Bochini por la fecha 8 del Torneo Clausura y Andr\u00e9s Gariano es el juez designado.<\/strong><\/p>\n<p><strong>Luego de semanas \u00e1lgidas desde lo institucional<\/strong>, el Rojo vuelve a la acci\u00f3n y la AFA ya design\u00f3 la terna arbitral para el encuentro. <strong>El juez principal ser\u00e1 Andr\u00e9s Gariano.<\/strong> El oriundo de San Carlos de Bariloche ya <strong>dirigi\u00f3 al Rey de Copas en 4 ocasiones y tiene un historial favorable al conjunto de Avellaneda: 3 victorias y 1 derrota.<\/strong><\/p>\n<p><strong>El \u00faltimo antecedente se dio este a\u00f1o, en los 32avos de Copa Argentina<\/strong>, cuando Independiente derrot\u00f3 2-0 a Sportivo Belgrano con goles de Diego Tarzia y Federico Mancuello, de penal.<\/p>\n<p><iframe loading=\"lazy\" title=\"YouTube video player\" src=\"https:\/\/www.youtube.com\/embed\/Om0rCwJQ6mo?si=CHqy5uN2_mZUxJF-\" width=\"560\" height=\"315\" frameborder=\"0\" allowfullscreen=\"allowfullscreen\"><\/iframe><\/p>\n<p>Gariano estar\u00e1 acompa\u00f1ado por <strong>Sebasti\u00e1n Raineri<\/strong> como asistente 1 y <strong>Walter Ferreyra<\/strong> como asistente 2. Adem\u00e1s, el cuarto \u00e1rbitro ser\u00e1 <strong>Alejandro Scionti<\/strong>. En cuanto a la tecnolog\u00eda, el encargado del VAR ser\u00e1 <strong>Sebasti\u00e1n Mart\u00ednez<\/strong>, mientras que en el AVAR estar\u00e1 <strong>Jos\u00e9 Castelli<\/strong>, completando as\u00ed el equipo arbitral para el choque entre el Rojo y el Taladro.<\/p>\n","protected":false},"excerpt":{"rendered":"<p>Independiente recibir\u00e1 a Banfield en el Libertadores de Am\u00e9rica \u2013 Ricardo Enrique Bochini por la fecha 8 del Torneo Clausura y Andr\u00e9s Gariano es el juez designado. Luego de semanas \u00e1lgidas desde lo institucional, el Rojo vuelve a la acci\u00f3n y la AFA ya design\u00f3 la terna arbitral para el encuentro. El juez principal ser\u00e1 [&hellip;]<\/p>\n","protected":false},"author":101035,"featured_media":121317,"comment_status":"open","ping_status":"closed","sticky":false,"template":"","format":"standard","meta":{"_links_to":"","_links_to_target":""},"categories":[3247,3],"tags":[5196,677,153,5736,2392,5735],"_links":{"self":[{"href":"https:\/\/www.locoxelrojo.com\/independiente\/wp-json\/wp\/v2\/posts\/126760"}],"collection":[{"href":"https:\/\/www.locoxelrojo.com\/independiente\/wp-json\/wp\/v2\/posts"}],"about":[{"href":"https:\/\/www.locoxelrojo.com\/independiente\/wp-json\/wp\/v2\/types\/post"}],"author":[{"embeddable":true,"href":"https:\/\/www.locoxelrojo.com\/independiente\/wp-json\/wp\/v2\/users\/101035"}],"replies":[{"embeddable":true,"href":"https:\/\/www.locoxelrojo.com\/independiente\/wp-json\/wp\/v2\/comments?post=126760"}],"version-history":[{"count":1,"href":"https:\/\/www.locoxelrojo.com\/independiente\/wp-json\/wp\/v2\/posts\/126760\/revisions"}],"predecessor-version":[{"id":126761,"href":"https:\/\/www.locoxelrojo.com\/independiente\/wp-json\/wp\/v2\/posts\/126760\/revisions\/126761"}],"wp:featuredmedia":[{"embeddable":true,"href":"https:\/\/www.locoxelrojo.com\/independiente\/wp-json\/wp\/v2\/media\/121317"}],"wp:attachment":[{"href":"https:\/\/www.locoxelrojo.com\/independiente\/wp-json\/wp\/v2\/media?parent=126760"}],"wp:term":[{"taxonomy":"category","embeddable":true,"href":"https:\/\/www.locoxelrojo.com\/independiente\/wp-json\/wp\/v2\/categories?post=126760"},{"taxonomy":"post_tag","embeddable":true,"href":"https:\/\/www.locoxelrojo.com\/independiente\/wp-json\/wp\/v2\/tags?post=126760"}],"curies":[{"name":"wp","href":"https:\/\/api.w.org\/{rel}","templated":true}]}}