{"id":126766,"date":"2025-09-10T16:54:19","date_gmt":"2025-09-10T19:54:19","guid":{"rendered":"https:\/\/www.locoxelrojo.com\/independiente\/?p=126766"},"modified":"2025-09-10T16:54:19","modified_gmt":"2025-09-10T19:54:19","slug":"asi-les-fue-a-los-jugadores-de-independiente-en-la-doble-fecha-de-eliminatorias","status":"publish","type":"post","link":"https:\/\/www.locoxelrojo.com\/independiente\/2025\/09\/10\/asi-les-fue-a-los-jugadores-de-independiente-en-la-doble-fecha-de-eliminatorias\/","title":{"rendered":"As\u00ed les fue a los jugadores de Independiente en la doble fecha de Eliminatorias"},"content":{"rendered":"<p><strong>Felipe Loyola, Luciano Cabral y Gabriel \u00c1valos<\/strong> tuvieron participaci\u00f3n con sus selecciones en la doble jornada de Eliminatorias Sudamericanas y dejaron su huella en la fecha FIFA de septiembre.<\/p>\n<p><strong>Chile cay\u00f3 3-0 con Brasil e igual\u00f3 0-0 con Uruguay, mientras que Paraguay empat\u00f3 0-0 con Ecuador y super\u00f3 1-0 a Per\u00fa.<\/strong><\/p>\n<p><strong>Loyola fue parte de los dos partidos de La Roja.<\/strong> Jug\u00f3 de titular 77 minutos en la derrota con Brasil y disput\u00f3 solo el primer tiempo frente a Uruguay. Mostr\u00f3 despliegue y orden en el mediocampo y defensa chilena.<\/p>\n<p><strong>Cabral no sum\u00f3 minutos<\/strong>: ante Brasil no fue convocado y frente a Uruguay estuvo en el banco de suplentes.<\/p>\n<p><strong>\u00c1valos, con el seleccionado paraguayo, fue al banco en los dos compromisos<\/strong>: contra Ecuador no entr\u00f3 y ante Per\u00fa, en Lima, cumpli\u00f3 un rol importante en el ataque de la Albirroja, ingres\u00f3 a los 77 minutos del segundo tiempo.<\/p>\n","protected":false},"excerpt":{"rendered":"<p>Felipe Loyola, Luciano Cabral y Gabriel \u00c1valos tuvieron participaci\u00f3n con sus selecciones en la doble jornada de Eliminatorias Sudamericanas y dejaron su huella en la fecha FIFA de septiembre. Chile cay\u00f3 3-0 con Brasil e igual\u00f3 0-0 con Uruguay, mientras que Paraguay empat\u00f3 0-0 con Ecuador y super\u00f3 1-0 a Per\u00fa. Loyola fue parte de [&hellip;]<\/p>\n","protected":false},"author":101035,"featured_media":126197,"comment_status":"open","ping_status":"closed","sticky":false,"template":"","format":"standard","meta":{"_links_to":"","_links_to_target":""},"categories":[1],"tags":[153,5659,5545,5745,4023,4242],"_links":{"self":[{"href":"https:\/\/www.locoxelrojo.com\/independiente\/wp-json\/wp\/v2\/posts\/126766"}],"collection":[{"href":"https:\/\/www.locoxelrojo.com\/independiente\/wp-json\/wp\/v2\/posts"}],"about":[{"href":"https:\/\/www.locoxelrojo.com\/independiente\/wp-json\/wp\/v2\/types\/post"}],"author":[{"embeddable":true,"href":"https:\/\/www.locoxelrojo.com\/independiente\/wp-json\/wp\/v2\/users\/101035"}],"replies":[{"embeddable":true,"href":"https:\/\/www.locoxelrojo.com\/independiente\/wp-json\/wp\/v2\/comments?post=126766"}],"version-history":[{"count":1,"href":"https:\/\/www.locoxelrojo.com\/independiente\/wp-json\/wp\/v2\/posts\/126766\/revisions"}],"predecessor-version":[{"id":126767,"href":"https:\/\/www.locoxelrojo.com\/independiente\/wp-json\/wp\/v2\/posts\/126766\/revisions\/126767"}],"wp:featuredmedia":[{"embeddable":true,"href":"https:\/\/www.locoxelrojo.com\/independiente\/wp-json\/wp\/v2\/media\/126197"}],"wp:attachment":[{"href":"https:\/\/www.locoxelrojo.com\/independiente\/wp-json\/wp\/v2\/media?parent=126766"}],"wp:term":[{"taxonomy":"category","embeddable":true,"href":"https:\/\/www.locoxelrojo.com\/independiente\/wp-json\/wp\/v2\/categories?post=126766"},{"taxonomy":"post_tag","embeddable":true,"href":"https:\/\/www.locoxelrojo.com\/independiente\/wp-json\/wp\/v2\/tags?post=126766"}],"curies":[{"name":"wp","href":"https:\/\/api.w.org\/{rel}","templated":true}]}}