{"id":126775,"date":"2025-09-11T22:22:49","date_gmt":"2025-09-12T01:22:49","guid":{"rendered":"https:\/\/www.locoxelrojo.com\/independiente\/?p=126775"},"modified":"2025-09-12T13:30:30","modified_gmt":"2025-09-12T16:30:30","slug":"nuevo-comunicado-sobre-el-sector-pavoni","status":"publish","type":"post","link":"https:\/\/www.locoxelrojo.com\/independiente\/2025\/09\/11\/nuevo-comunicado-sobre-el-sector-pavoni\/","title":{"rendered":"Nuevo comunicado sobre el Sector Pavoni"},"content":{"rendered":"<p>Independiente emiti\u00f3 un comunicado sobre <strong>la decisi\u00f3n de APreViDe de inhabilitar las tribunas Pavoni Alta y Pavoni Baja.<\/strong><\/p>\n<p>La Justicia levant\u00f3 la medida y el Libertadores de Am\u00e9rica &#8211; Ricardo Enrique Bochini est\u00e1 en condiciones de recibir gente, pero <strong>APreViDe clausur\u00f3 por los pr\u00f3ximos dos partidos todo el Sector Pavoni.<\/strong><\/p>\n<p>Ante esta situaci\u00f3n, el club le inform\u00f3 a los socios y socias lo sucedido y tom\u00f3 una decisi\u00f3n: <strong>garantizar que todos los socios que asistieron a la Tribuna Pavoni Baja durante el partido del 20 de agosto, tengan asegurado su bono hasta que finalice el a\u00f1o.<\/strong> Esto pasar\u00e1 una vez que est\u00e9 levantada la sanci\u00f3n.<\/p>\n<blockquote class=\"twitter-tweet\">\n<p dir=\"ltr\" lang=\"es\">El Club Atl\u00e9tico Independiente informa que la Justicia dictamin\u00f3 el levantamiento de la clausura que pesaba sobre el Estadio Libertadores de Am\u00e9rica &#8211; Ricardo Enrique Bochini, luego de que se presentara, por parte del Club, la documentaci\u00f3n solicitada.<\/p>\n<p>Si bien todas nuestras\u2026 <a href=\"https:\/\/t.co\/UrY9ZhU0UL\">pic.twitter.com\/UrY9ZhU0UL<\/a><\/p>\n<p>\u2014 C. A. Independiente (@Independiente) <a href=\"https:\/\/twitter.com\/Independiente\/status\/1966236549504553419?ref_src=twsrc%5Etfw\">September 11, 2025<\/a><\/p><\/blockquote>\n<p><script async src=\"https:\/\/platform.twitter.com\/widgets.js\" charset=\"utf-8\"><\/script><\/p>\n","protected":false},"excerpt":{"rendered":"<p>Independiente emiti\u00f3 un comunicado sobre la decisi\u00f3n de APreViDe de inhabilitar las tribunas Pavoni Alta y Pavoni Baja. La Justicia levant\u00f3 la medida y el Libertadores de Am\u00e9rica &#8211; Ricardo Enrique Bochini est\u00e1 en condiciones de recibir gente, pero APreViDe clausur\u00f3 por los pr\u00f3ximos dos partidos todo el Sector Pavoni. Ante esta situaci\u00f3n, el club [&hellip;]<\/p>\n","protected":false},"author":1,"featured_media":126619,"comment_status":"open","ping_status":"closed","sticky":false,"template":"","format":"standard","meta":{"_links_to":"","_links_to_target":""},"categories":[3280,3247],"tags":[153,5090,5883,5678],"_links":{"self":[{"href":"https:\/\/www.locoxelrojo.com\/independiente\/wp-json\/wp\/v2\/posts\/126775"}],"collection":[{"href":"https:\/\/www.locoxelrojo.com\/independiente\/wp-json\/wp\/v2\/posts"}],"about":[{"href":"https:\/\/www.locoxelrojo.com\/independiente\/wp-json\/wp\/v2\/types\/post"}],"author":[{"embeddable":true,"href":"https:\/\/www.locoxelrojo.com\/independiente\/wp-json\/wp\/v2\/users\/1"}],"replies":[{"embeddable":true,"href":"https:\/\/www.locoxelrojo.com\/independiente\/wp-json\/wp\/v2\/comments?post=126775"}],"version-history":[{"count":2,"href":"https:\/\/www.locoxelrojo.com\/independiente\/wp-json\/wp\/v2\/posts\/126775\/revisions"}],"predecessor-version":[{"id":126777,"href":"https:\/\/www.locoxelrojo.com\/independiente\/wp-json\/wp\/v2\/posts\/126775\/revisions\/126777"}],"wp:featuredmedia":[{"embeddable":true,"href":"https:\/\/www.locoxelrojo.com\/independiente\/wp-json\/wp\/v2\/media\/126619"}],"wp:attachment":[{"href":"https:\/\/www.locoxelrojo.com\/independiente\/wp-json\/wp\/v2\/media?parent=126775"}],"wp:term":[{"taxonomy":"category","embeddable":true,"href":"https:\/\/www.locoxelrojo.com\/independiente\/wp-json\/wp\/v2\/categories?post=126775"},{"taxonomy":"post_tag","embeddable":true,"href":"https:\/\/www.locoxelrojo.com\/independiente\/wp-json\/wp\/v2\/tags?post=126775"}],"curies":[{"name":"wp","href":"https:\/\/api.w.org\/{rel}","templated":true}]}}