{"id":126783,"date":"2025-09-12T16:34:45","date_gmt":"2025-09-12T19:34:45","guid":{"rendered":"https:\/\/www.locoxelrojo.com\/independiente\/?p=126783"},"modified":"2025-09-12T16:34:45","modified_gmt":"2025-09-12T19:34:45","slug":"dura-lesion-para-santino-viollaz","status":"publish","type":"post","link":"https:\/\/www.locoxelrojo.com\/independiente\/2025\/09\/12\/dura-lesion-para-santino-viollaz\/","title":{"rendered":"Dura lesi\u00f3n para Santino Viollaz"},"content":{"rendered":"<p><strong>Santino Viollaz<\/strong> recibi\u00f3 una p\u00e9sima noticia. <strong>Estar\u00e1 bastante tiempo fuera de las canchas<\/strong> por la lesi\u00f3n en el partido de Reserva frente a San Lorenzo.<\/p>\n<p>Debi\u00f3 salir reemplazado a los 18\u2019 del primer tiempo, <strong>tras caer mal con su pierna izquierda en <a href=\"https:\/\/www.locoxelrojo.com\/independiente\/2025\/09\/11\/triunfazo-de-la-reserva-en-el-clasico-con-san-lorenzo\/\">el cl\u00e1sico frente al Cicl\u00f3n<\/a><\/strong>, por la fecha 8 del Torneo Proyecci\u00f3n Clausura.<\/p>\n<p>Este viernes por la ma\u00f1ana apareci\u00f3 el parte m\u00e9dico y se confirm\u00f3 lo peor: <strong>rotura del ligamento cruzado anterior de la rodilla izquierda. Eso arroj\u00f3 la resonancia magn\u00e9tica y el juvenil tendr\u00e1 entre 6 y 9 meses de recuperaci\u00f3n.<\/strong><\/p>\n<p>Lleg\u00f3 al Rojo en enero de 2023. El extremo izquierdo y categor\u00eda 2008, <strong>tiene contrato profesional hasta diciembre de 2027 y una cl\u00e1usula de salida de 20.000.000 de d\u00f3lares<\/strong>.<\/p>\n<p><strong>En lo que va del torneo fue titular en 15 partidos con la Reserva<\/strong>, acumulando 670 minutos en cancha.<\/p>\n","protected":false},"excerpt":{"rendered":"<p>Santino Viollaz recibi\u00f3 una p\u00e9sima noticia. Estar\u00e1 bastante tiempo fuera de las canchas por la lesi\u00f3n en el partido de Reserva frente a San Lorenzo. Debi\u00f3 salir reemplazado a los 18\u2019 del primer tiempo, tras caer mal con su pierna izquierda en el cl\u00e1sico frente al Cicl\u00f3n, por la fecha 8 del Torneo Proyecci\u00f3n Clausura. [&hellip;]<\/p>\n","protected":false},"author":101042,"featured_media":126784,"comment_status":"open","ping_status":"closed","sticky":false,"template":"","format":"standard","meta":{"_links_to":"","_links_to_target":""},"categories":[3247,141],"tags":[153,5441],"_links":{"self":[{"href":"https:\/\/www.locoxelrojo.com\/independiente\/wp-json\/wp\/v2\/posts\/126783"}],"collection":[{"href":"https:\/\/www.locoxelrojo.com\/independiente\/wp-json\/wp\/v2\/posts"}],"about":[{"href":"https:\/\/www.locoxelrojo.com\/independiente\/wp-json\/wp\/v2\/types\/post"}],"author":[{"embeddable":true,"href":"https:\/\/www.locoxelrojo.com\/independiente\/wp-json\/wp\/v2\/users\/101042"}],"replies":[{"embeddable":true,"href":"https:\/\/www.locoxelrojo.com\/independiente\/wp-json\/wp\/v2\/comments?post=126783"}],"version-history":[{"count":1,"href":"https:\/\/www.locoxelrojo.com\/independiente\/wp-json\/wp\/v2\/posts\/126783\/revisions"}],"predecessor-version":[{"id":126785,"href":"https:\/\/www.locoxelrojo.com\/independiente\/wp-json\/wp\/v2\/posts\/126783\/revisions\/126785"}],"wp:featuredmedia":[{"embeddable":true,"href":"https:\/\/www.locoxelrojo.com\/independiente\/wp-json\/wp\/v2\/media\/126784"}],"wp:attachment":[{"href":"https:\/\/www.locoxelrojo.com\/independiente\/wp-json\/wp\/v2\/media?parent=126783"}],"wp:term":[{"taxonomy":"category","embeddable":true,"href":"https:\/\/www.locoxelrojo.com\/independiente\/wp-json\/wp\/v2\/categories?post=126783"},{"taxonomy":"post_tag","embeddable":true,"href":"https:\/\/www.locoxelrojo.com\/independiente\/wp-json\/wp\/v2\/tags?post=126783"}],"curies":[{"name":"wp","href":"https:\/\/api.w.org\/{rel}","templated":true}]}}