{"id":126793,"date":"2025-09-12T18:10:42","date_gmt":"2025-09-12T21:10:42","guid":{"rendered":"https:\/\/www.locoxelrojo.com\/independiente\/?p=126793"},"modified":"2025-09-12T18:10:42","modified_gmt":"2025-09-12T21:10:42","slug":"un-cambio-confirmado-y-dos-dudas-para-recibir-a-banfield","status":"publish","type":"post","link":"https:\/\/www.locoxelrojo.com\/independiente\/2025\/09\/12\/un-cambio-confirmado-y-dos-dudas-para-recibir-a-banfield\/","title":{"rendered":"Un cambio confirmado y dos dudas para recibir a Banfield"},"content":{"rendered":"<p><strong>Julio Vaccari va definiendo cu\u00e1l ser\u00e1 el 11 de Independiente para enfrentar en Avellaneda a Banfield por la fecha 8 del Torneo Clausura.<\/strong><\/p>\n<p>Despu\u00e9s de semanas turbulentas, el entrenador del Rojo sabe que ante el Taladro tiene la chance de renovar un poco el aire en el Libertadores de Am\u00e9rica &#8211; Ricardo Enrique Bochini. Claro, porque su equipo se encuentra <strong>\u00faltimo en la Zona B con apenas 3 puntos<\/strong>, y todav\u00eda no gan\u00f3 en el campeonato local. <strong>Por eso, Vaccari tiene en mente realizar modificaciones con respecto al \u00faltimo encuentro frente a Instituto.<\/strong><\/p>\n<p>Un cambio confirmado es el de <strong>Iv\u00e1n Marcone<\/strong>, que ven\u00eda sumando pocos minutos en los \u00faltimos compromisos, y <strong>reemplazar\u00e1 a Rodrigo Fern\u00e1ndez Cedr\u00e9s<\/strong>. En cuanto a las dudas, la primera pasa por si es <strong>Luciano Cabral o Lautaro Mill\u00e1n<\/strong> quien acompa\u00f1e al mencionado Marcone y Felipe Loyola en la mitad de la cancha. Por su parte, <strong>Walter Mazzantti y Mat\u00edas Abaldo<\/strong> se disputan el puesto de extremo para ser junto a Gabriel \u00c1valos y Santiago Montiel, el frente de ataque.<\/p>\n<p>Por lo tanto, el 11 del Rey de Copas estar\u00eda conformado por: <strong>Rodrigo Rey; Federico Vera, Kevin Lom\u00f3naco, Sebasti\u00e1n Vald\u00e9z, Facundo Zabala; Felipe Loyola, Iv\u00e1n Marcone, Luciano Cabral\/Lautaro Mill\u00e1n; Walter Mazzantti\/Mat\u00edas Abaldo, Gabriel \u00c1valos, Santiago Montiel.<\/strong><\/p>\n","protected":false},"excerpt":{"rendered":"<p>Julio Vaccari va definiendo cu\u00e1l ser\u00e1 el 11 de Independiente para enfrentar en Avellaneda a Banfield por la fecha 8 del Torneo Clausura. Despu\u00e9s de semanas turbulentas, el entrenador del Rojo sabe que ante el Taladro tiene la chance de renovar un poco el aire en el Libertadores de Am\u00e9rica &#8211; Ricardo Enrique Bochini. Claro, [&hellip;]<\/p>\n","protected":false},"author":101038,"featured_media":126795,"comment_status":"open","ping_status":"closed","sticky":false,"template":"","format":"standard","meta":{"_links_to":"","_links_to_target":""},"categories":[3247,3],"tags":[677,153,2729,5633,5858,5735,5742],"_links":{"self":[{"href":"https:\/\/www.locoxelrojo.com\/independiente\/wp-json\/wp\/v2\/posts\/126793"}],"collection":[{"href":"https:\/\/www.locoxelrojo.com\/independiente\/wp-json\/wp\/v2\/posts"}],"about":[{"href":"https:\/\/www.locoxelrojo.com\/independiente\/wp-json\/wp\/v2\/types\/post"}],"author":[{"embeddable":true,"href":"https:\/\/www.locoxelrojo.com\/independiente\/wp-json\/wp\/v2\/users\/101038"}],"replies":[{"embeddable":true,"href":"https:\/\/www.locoxelrojo.com\/independiente\/wp-json\/wp\/v2\/comments?post=126793"}],"version-history":[{"count":1,"href":"https:\/\/www.locoxelrojo.com\/independiente\/wp-json\/wp\/v2\/posts\/126793\/revisions"}],"predecessor-version":[{"id":126796,"href":"https:\/\/www.locoxelrojo.com\/independiente\/wp-json\/wp\/v2\/posts\/126793\/revisions\/126796"}],"wp:featuredmedia":[{"embeddable":true,"href":"https:\/\/www.locoxelrojo.com\/independiente\/wp-json\/wp\/v2\/media\/126795"}],"wp:attachment":[{"href":"https:\/\/www.locoxelrojo.com\/independiente\/wp-json\/wp\/v2\/media?parent=126793"}],"wp:term":[{"taxonomy":"category","embeddable":true,"href":"https:\/\/www.locoxelrojo.com\/independiente\/wp-json\/wp\/v2\/categories?post=126793"},{"taxonomy":"post_tag","embeddable":true,"href":"https:\/\/www.locoxelrojo.com\/independiente\/wp-json\/wp\/v2\/tags?post=126793"}],"curies":[{"name":"wp","href":"https:\/\/api.w.org\/{rel}","templated":true}]}}