{"id":126798,"date":"2025-09-12T21:50:03","date_gmt":"2025-09-13T00:50:03","guid":{"rendered":"https:\/\/www.locoxelrojo.com\/independiente\/?p=126798"},"modified":"2025-09-12T21:50:03","modified_gmt":"2025-09-13T00:50:03","slug":"concentrados-vs-banfield-la-vuelta-de-lomonaco","status":"publish","type":"post","link":"https:\/\/www.locoxelrojo.com\/independiente\/2025\/09\/12\/concentrados-vs-banfield-la-vuelta-de-lomonaco\/","title":{"rendered":"Concentrados vs. Banfield: la vuelta de Lom\u00f3naco"},"content":{"rendered":"<p>Independiente recibe a Banfield este s\u00e1bado desde las 16:45 en el estadio Libertadores de Am\u00e9rica &#8211; Ricardo Enrique Bochini, por la fecha 8 del Torneo Clausura. <strong>Julio Vaccari cit\u00f3 a 24 futbolistas.<\/strong><\/p>\n<p><strong>El regreso m\u00e1s esperado, y el \u00fanico a comparaci\u00f3n del listado ante Instituto, es el de Kevin Lom\u00f3naco.<\/strong> El defensor hab\u00eda recibido una pena de 2 partidos tras su expulsi\u00f3n, pero se le redujo a una, que ya cumpli\u00f3 ante la Gloria. El jugador que sale de la n\u00f3mina es el juvenil Fernando Closter.<\/p>\n<h2>Los concentrados:<\/h2>\n<p><strong>Arqueros:<\/strong> Joaqu\u00edn Blazquez y Rodrigo Rey.<\/p>\n<p><strong>Defensores:<\/strong> Milton Valenzuela, Federico Vera, Facundo Zabala, Kevin Lom\u00f3naco, Leonardo Godoy, Franco Paredes, Sebasti\u00e1n Vald\u00e9z y Jonathan De Irastorza.<\/p>\n<p><strong>Volantes:<\/strong> Felipe Loyola, Pablo Galdames, Luciano Cabral, Federico Mancuello, Lautaro Mill\u00e1n, Rodrigo Fern\u00e1ndez Cedr\u00e9s, Iv\u00e1n Marcone y Joel Medina.<\/p>\n<p><strong>Delanteros:<\/strong> Santiago Montiel, Gabriel \u00c1valos, Walter Mazzantti, Mat\u00edas Abaldo, Ignacio Pussetto y Diego Tarzia.<\/p>\n<blockquote class=\"twitter-tweet\">\n<p lang=\"es\" dir=\"ltr\"> Convocados por Julio Vaccari para el encuentro ante Banfield, este s\u00e1bado a las 16.45 en el LDA-REB.<\/p>\n<p>Transmite TNT Sports Premium. Suscribite al Pack F\u00fatbol \u27a1\ufe0f <a href=\"https:\/\/t.co\/XXlUQdZi51\">https:\/\/t.co\/XXlUQdZi51<\/a><a href=\"https:\/\/twitter.com\/hashtag\/TodoRojo?src=hash&amp;ref_src=twsrc%5Etfw\">#TodoRojo<\/a>  <a href=\"https:\/\/t.co\/VqIf0SMYJZ\">pic.twitter.com\/VqIf0SMYJZ<\/a><\/p>\n<p>&mdash; C. A. Independiente (@Independiente) <a href=\"https:\/\/twitter.com\/Independiente\/status\/1966609478096179496?ref_src=twsrc%5Etfw\">September 12, 2025<\/a><\/p><\/blockquote>\n<p> <script async src=\"https:\/\/platform.twitter.com\/widgets.js\" charset=\"utf-8\"><\/script><\/p>\n","protected":false},"excerpt":{"rendered":"<p>Independiente recibe a Banfield este s\u00e1bado desde las 16:45 en el estadio Libertadores de Am\u00e9rica &#8211; Ricardo Enrique Bochini, por la fecha 8 del Torneo Clausura. Julio Vaccari cit\u00f3 a 24 futbolistas. El regreso m\u00e1s esperado, y el \u00fanico a comparaci\u00f3n del listado ante Instituto, es el de Kevin Lom\u00f3naco. El defensor hab\u00eda recibido una [&hellip;]<\/p>\n","protected":false},"author":101039,"featured_media":126799,"comment_status":"open","ping_status":"closed","sticky":false,"template":"","format":"standard","meta":{"_links_to":"","_links_to_target":""},"categories":[3247,3],"tags":[677,153,2606,5633,5658,5735],"_links":{"self":[{"href":"https:\/\/www.locoxelrojo.com\/independiente\/wp-json\/wp\/v2\/posts\/126798"}],"collection":[{"href":"https:\/\/www.locoxelrojo.com\/independiente\/wp-json\/wp\/v2\/posts"}],"about":[{"href":"https:\/\/www.locoxelrojo.com\/independiente\/wp-json\/wp\/v2\/types\/post"}],"author":[{"embeddable":true,"href":"https:\/\/www.locoxelrojo.com\/independiente\/wp-json\/wp\/v2\/users\/101039"}],"replies":[{"embeddable":true,"href":"https:\/\/www.locoxelrojo.com\/independiente\/wp-json\/wp\/v2\/comments?post=126798"}],"version-history":[{"count":1,"href":"https:\/\/www.locoxelrojo.com\/independiente\/wp-json\/wp\/v2\/posts\/126798\/revisions"}],"predecessor-version":[{"id":126800,"href":"https:\/\/www.locoxelrojo.com\/independiente\/wp-json\/wp\/v2\/posts\/126798\/revisions\/126800"}],"wp:featuredmedia":[{"embeddable":true,"href":"https:\/\/www.locoxelrojo.com\/independiente\/wp-json\/wp\/v2\/media\/126799"}],"wp:attachment":[{"href":"https:\/\/www.locoxelrojo.com\/independiente\/wp-json\/wp\/v2\/media?parent=126798"}],"wp:term":[{"taxonomy":"category","embeddable":true,"href":"https:\/\/www.locoxelrojo.com\/independiente\/wp-json\/wp\/v2\/categories?post=126798"},{"taxonomy":"post_tag","embeddable":true,"href":"https:\/\/www.locoxelrojo.com\/independiente\/wp-json\/wp\/v2\/tags?post=126798"}],"curies":[{"name":"wp","href":"https:\/\/api.w.org\/{rel}","templated":true}]}}