{"id":126843,"date":"2025-09-15T17:23:38","date_gmt":"2025-09-15T20:23:38","guid":{"rendered":"https:\/\/www.locoxelrojo.com\/independiente\/?p=126843"},"modified":"2025-09-15T17:23:38","modified_gmt":"2025-09-15T20:23:38","slug":"regresaron-a-villa-dominico-bajo-las-ordenes-de-matheu","status":"publish","type":"post","link":"https:\/\/www.locoxelrojo.com\/independiente\/2025\/09\/15\/regresaron-a-villa-dominico-bajo-las-ordenes-de-matheu\/","title":{"rendered":"Regresaron a Villa Dom\u00ednico bajo las \u00f3rdenes de Matheu"},"content":{"rendered":"<p><strong>Independiente retom\u00f3 los entrenamientos este lunes por la ma\u00f1ana en Villa Dom\u00ednico, con Carlos Matheu al mando.<\/strong><\/p>\n<p>Tras la renuncia de Julio Vaccari y la derrota frente a Banfield, <strong>el plantel profesional tuvo su primera pr\u00e1ctica bajo el interinato de Matheu<\/strong>. Asumi\u00f3 de manera interina, acompa\u00f1ado por su ayudante de campo Eduardo Tuzzio y el resto de sus colaboradores en Reserva.<\/p>\n<p><strong>La presentaci\u00f3n al plantel estuvo a cargo del presidente N\u00e9stor Grindetti<\/strong> y es un hecho que este martes tambi\u00e9n volver\u00e1n a dirigir la pr\u00e1ctica.<\/p>\n<p>Mientras tanto, la dirigencia del Rojo ya trabaja en la b\u00fasqueda de un nuevo entrenador.<strong> El principal apuntado es Gustavo Quinteros, ex t\u00e9cnico de V\u00e9lez, con quien ya hubo contactos informales y se espera avanzar en una reuni\u00f3n en las pr\u00f3ximas horas.<\/strong> Si acepta el cargo, tendr\u00e1 que cortar sus vacaciones en Miami y regresar al pa\u00eds. <strong>La idea de la Comisi\u00f3n Directiva es que el sucesor de Vaccari asuma en el transcurso de la semana<\/strong>, pensando en los compromisos que se vienen con San Lorenzo y Racing.<\/p>\n<p>En caso de no haber un elegido, Matheu deber\u00e1 hacerse cargo del equipo el fin de semana.<\/p>\n","protected":false},"excerpt":{"rendered":"<p>Independiente retom\u00f3 los entrenamientos este lunes por la ma\u00f1ana en Villa Dom\u00ednico, con Carlos Matheu al mando. Tras la renuncia de Julio Vaccari y la derrota frente a Banfield, el plantel profesional tuvo su primera pr\u00e1ctica bajo el interinato de Matheu. Asumi\u00f3 de manera interina, acompa\u00f1ado por su ayudante de campo Eduardo Tuzzio y el [&hellip;]<\/p>\n","protected":false},"author":101039,"featured_media":126844,"comment_status":"open","ping_status":"closed","sticky":false,"template":"","format":"standard","meta":{"_links_to":"","_links_to_target":""},"categories":[3247,3],"tags":[27,153],"_links":{"self":[{"href":"https:\/\/www.locoxelrojo.com\/independiente\/wp-json\/wp\/v2\/posts\/126843"}],"collection":[{"href":"https:\/\/www.locoxelrojo.com\/independiente\/wp-json\/wp\/v2\/posts"}],"about":[{"href":"https:\/\/www.locoxelrojo.com\/independiente\/wp-json\/wp\/v2\/types\/post"}],"author":[{"embeddable":true,"href":"https:\/\/www.locoxelrojo.com\/independiente\/wp-json\/wp\/v2\/users\/101039"}],"replies":[{"embeddable":true,"href":"https:\/\/www.locoxelrojo.com\/independiente\/wp-json\/wp\/v2\/comments?post=126843"}],"version-history":[{"count":1,"href":"https:\/\/www.locoxelrojo.com\/independiente\/wp-json\/wp\/v2\/posts\/126843\/revisions"}],"predecessor-version":[{"id":126845,"href":"https:\/\/www.locoxelrojo.com\/independiente\/wp-json\/wp\/v2\/posts\/126843\/revisions\/126845"}],"wp:featuredmedia":[{"embeddable":true,"href":"https:\/\/www.locoxelrojo.com\/independiente\/wp-json\/wp\/v2\/media\/126844"}],"wp:attachment":[{"href":"https:\/\/www.locoxelrojo.com\/independiente\/wp-json\/wp\/v2\/media?parent=126843"}],"wp:term":[{"taxonomy":"category","embeddable":true,"href":"https:\/\/www.locoxelrojo.com\/independiente\/wp-json\/wp\/v2\/categories?post=126843"},{"taxonomy":"post_tag","embeddable":true,"href":"https:\/\/www.locoxelrojo.com\/independiente\/wp-json\/wp\/v2\/tags?post=126843"}],"curies":[{"name":"wp","href":"https:\/\/api.w.org\/{rel}","templated":true}]}}