{"id":126852,"date":"2025-09-16T14:16:26","date_gmt":"2025-09-16T17:16:26","guid":{"rendered":"https:\/\/www.locoxelrojo.com\/independiente\/?p=126852"},"modified":"2025-09-16T14:16:26","modified_gmt":"2025-09-16T17:16:26","slug":"llega-quinteros-hay-acuerdo-de-palabra","status":"publish","type":"post","link":"https:\/\/www.locoxelrojo.com\/independiente\/2025\/09\/16\/llega-quinteros-hay-acuerdo-de-palabra\/","title":{"rendered":"Llega Quinteros: hay acuerdo de palabra"},"content":{"rendered":"<p><strong>Gustavo Quinteros lleg\u00f3 a un acuerdo de palabra para convertirse en el nuevo entrenador de Independiente.<\/strong><\/p>\n<p>S\u00ed, r\u00e1pidamente el Rojo consigui\u00f3 a reemplazante de Julio Vaccari. A las pocas horas de conocerse su renuncia comenz\u00f3 la t\u00edpica danza de nombres, donde la Comisi\u00f3n Directiva seleccion\u00f3 a dos posibles candidatos y <strong>Quinteros dio el s\u00ed para avanzar<\/strong>.<\/p>\n<p><strong>A\u00fan se est\u00e1n afinando los n\u00fameros de su contrato que lo ligar\u00e1 al Rey de Copas hasta diciembre 2026.<\/strong> Acept\u00f3 por el desaf\u00edo de dirigir un de los clubes m\u00e1s grandes del pa\u00eds, volver a posicionar a Independiente en los primeros planos y quedarse a vivir en Argentina.<\/p>\n<p>La idea es acelerar los tr\u00e1mites previos a la firma y que pegue la vuelta desde Miami, donde se encuentra de vacaciones. Si todo sale como esperan, <strong>se terminar\u00e1 de formalizar en el cierre de la semana y el domingo estar\u00e1 en el Libertadores de Am\u00e9rica &#8211; Ricardo Enrique Bochini observando al equipo en el partido con San Lorenzo.<\/strong> Carlos Matheu estar\u00e1 sentado en el banco de suplentes como DT interino.<\/p>\n<p>Quinteros tiene una larga trayectoria como entrenador, mucho tiempo fuera del pa\u00eds, donde <strong>cosech\u00f3 13 t\u00edtulos, ubic\u00e1ndose en el quinto t\u00e9cnico m\u00e1s ganador de Argentina<\/strong>, detr\u00e1s de Ram\u00f3n D\u00edaz, Helenio Herrera, Marcelo Gallardo y Carlos Bianchi.<\/p>\n","protected":false},"excerpt":{"rendered":"<p>Gustavo Quinteros lleg\u00f3 a un acuerdo de palabra para convertirse en el nuevo entrenador de Independiente. S\u00ed, r\u00e1pidamente el Rojo consigui\u00f3 a reemplazante de Julio Vaccari. A las pocas horas de conocerse su renuncia comenz\u00f3 la t\u00edpica danza de nombres, donde la Comisi\u00f3n Directiva seleccion\u00f3 a dos posibles candidatos y Quinteros dio el s\u00ed para [&hellip;]<\/p>\n","protected":false},"author":1,"featured_media":126853,"comment_status":"open","ping_status":"closed","sticky":false,"template":"","format":"standard","meta":{"_links_to":"","_links_to_target":""},"categories":[3280,3247],"tags":[153,5267],"_links":{"self":[{"href":"https:\/\/www.locoxelrojo.com\/independiente\/wp-json\/wp\/v2\/posts\/126852"}],"collection":[{"href":"https:\/\/www.locoxelrojo.com\/independiente\/wp-json\/wp\/v2\/posts"}],"about":[{"href":"https:\/\/www.locoxelrojo.com\/independiente\/wp-json\/wp\/v2\/types\/post"}],"author":[{"embeddable":true,"href":"https:\/\/www.locoxelrojo.com\/independiente\/wp-json\/wp\/v2\/users\/1"}],"replies":[{"embeddable":true,"href":"https:\/\/www.locoxelrojo.com\/independiente\/wp-json\/wp\/v2\/comments?post=126852"}],"version-history":[{"count":1,"href":"https:\/\/www.locoxelrojo.com\/independiente\/wp-json\/wp\/v2\/posts\/126852\/revisions"}],"predecessor-version":[{"id":126854,"href":"https:\/\/www.locoxelrojo.com\/independiente\/wp-json\/wp\/v2\/posts\/126852\/revisions\/126854"}],"wp:featuredmedia":[{"embeddable":true,"href":"https:\/\/www.locoxelrojo.com\/independiente\/wp-json\/wp\/v2\/media\/126853"}],"wp:attachment":[{"href":"https:\/\/www.locoxelrojo.com\/independiente\/wp-json\/wp\/v2\/media?parent=126852"}],"wp:term":[{"taxonomy":"category","embeddable":true,"href":"https:\/\/www.locoxelrojo.com\/independiente\/wp-json\/wp\/v2\/categories?post=126852"},{"taxonomy":"post_tag","embeddable":true,"href":"https:\/\/www.locoxelrojo.com\/independiente\/wp-json\/wp\/v2\/tags?post=126852"}],"curies":[{"name":"wp","href":"https:\/\/api.w.org\/{rel}","templated":true}]}}