{"id":126863,"date":"2025-09-16T16:50:36","date_gmt":"2025-09-16T19:50:36","guid":{"rendered":"https:\/\/www.locoxelrojo.com\/independiente\/?p=126863"},"modified":"2025-09-16T21:07:50","modified_gmt":"2025-09-17T00:07:50","slug":"la-reserva-reacciono-pero-no-alcanzo","status":"publish","type":"post","link":"https:\/\/www.locoxelrojo.com\/independiente\/2025\/09\/16\/la-reserva-reacciono-pero-no-alcanzo\/","title":{"rendered":"La Reserva reaccion\u00f3, pero no alcanz\u00f3"},"content":{"rendered":"<p><strong>Independiente perdi\u00f3 3-2 frente a Ferro en el Predio de Pontevedra, por la fecha 10 del Torneo Proyecci\u00f3n Clausura 2025<\/strong>. Intent\u00f3 remontarlo, pero no pudo llevarse puntos.<\/p>\n<p>Franco Parodi fue el t\u00e9cnico interino mientras Carlos Matheu est\u00e1 con la Primera. El equipo form\u00f3 con: <strong>Lucas Lavagnino; Luciano Barros Ayala, Thiago Ben\u00edtez, Nicol\u00e1s Garrido, Jonathan De Irastorza; Mateo P\u00e9rez Curci, Facundo Cruz, Joel Medina; Enzo Taborda, Felipe Tempone y Mirko D\u00edaz<\/strong>. Adem\u00e1s, sumaron minutos: <strong>Jos\u00edas Palais, Lucas Gonz\u00e1lez, Joshua Velardez, Alan Laprida y Nahuel Junco<\/strong>.<\/p>\n<p>En el primer tiempo, el Rojo arranc\u00f3 en desventaja: Ferro abri\u00f3 el marcador a los 4 minutos y lo estir\u00f3 a los 35. <strong>Pese a las chances de Independiente, la diferencia fue de 2-0 al descanso.<\/strong><\/p>\n<p>Ferro golpe\u00f3 otra vez en el complemento, a los 16\u2019, dejando las cosas 3-0. Cuando la historia parec\u00eda juzgada, el Rojo reaccion\u00f3 r\u00e1pido. <strong>A los 20\u2019 descont\u00f3 Gonz\u00e1lez y m\u00e1s tarde, Velardez puso el 2-3 en su primera intervenci\u00f3n del partido.<\/strong><\/p>\n<p><strong>El tramo final se complic\u00f3 con la expulsi\u00f3n de Ben\u00edtez a los 29\u2019, lo que dej\u00f3 al equipo con 10 y menos margen para seguir buscando el empate.<\/strong> A\u00fan as\u00ed, Independiente gener\u00f3 peligro hasta el cierre, pero no logr\u00f3 igualar el marcador.<\/p>\n<p>Con este resultado, <strong>el Rey de Copas sigue con 15 puntos producto de 4 victorias, 3 empates y 3 derrotas.<\/strong> En la pr\u00f3xima jornada visitar\u00e1 a Godoy Cruz, el martes 24 de septiembre a las 15.<\/p>\n","protected":false},"excerpt":{"rendered":"<p>Independiente perdi\u00f3 3-2 frente a Ferro en el Predio de Pontevedra, por la fecha 10 del Torneo Proyecci\u00f3n Clausura 2025. Intent\u00f3 remontarlo, pero no pudo llevarse puntos. Franco Parodi fue el t\u00e9cnico interino mientras Carlos Matheu est\u00e1 con la Primera. El equipo form\u00f3 con: Lucas Lavagnino; Luciano Barros Ayala, Thiago Ben\u00edtez, Nicol\u00e1s Garrido, Jonathan De [&hellip;]<\/p>\n","protected":false},"author":101042,"featured_media":126864,"comment_status":"open","ping_status":"closed","sticky":false,"template":"","format":"standard","meta":{"_links_to":"","_links_to_target":""},"categories":[3247,141],"tags":[2413,5887,5682,4179,231,5852],"_links":{"self":[{"href":"https:\/\/www.locoxelrojo.com\/independiente\/wp-json\/wp\/v2\/posts\/126863"}],"collection":[{"href":"https:\/\/www.locoxelrojo.com\/independiente\/wp-json\/wp\/v2\/posts"}],"about":[{"href":"https:\/\/www.locoxelrojo.com\/independiente\/wp-json\/wp\/v2\/types\/post"}],"author":[{"embeddable":true,"href":"https:\/\/www.locoxelrojo.com\/independiente\/wp-json\/wp\/v2\/users\/101042"}],"replies":[{"embeddable":true,"href":"https:\/\/www.locoxelrojo.com\/independiente\/wp-json\/wp\/v2\/comments?post=126863"}],"version-history":[{"count":1,"href":"https:\/\/www.locoxelrojo.com\/independiente\/wp-json\/wp\/v2\/posts\/126863\/revisions"}],"predecessor-version":[{"id":126865,"href":"https:\/\/www.locoxelrojo.com\/independiente\/wp-json\/wp\/v2\/posts\/126863\/revisions\/126865"}],"wp:featuredmedia":[{"embeddable":true,"href":"https:\/\/www.locoxelrojo.com\/independiente\/wp-json\/wp\/v2\/media\/126864"}],"wp:attachment":[{"href":"https:\/\/www.locoxelrojo.com\/independiente\/wp-json\/wp\/v2\/media?parent=126863"}],"wp:term":[{"taxonomy":"category","embeddable":true,"href":"https:\/\/www.locoxelrojo.com\/independiente\/wp-json\/wp\/v2\/categories?post=126863"},{"taxonomy":"post_tag","embeddable":true,"href":"https:\/\/www.locoxelrojo.com\/independiente\/wp-json\/wp\/v2\/tags?post=126863"}],"curies":[{"name":"wp","href":"https:\/\/api.w.org\/{rel}","templated":true}]}}