{"id":126869,"date":"2025-09-17T20:33:49","date_gmt":"2025-09-17T23:33:49","guid":{"rendered":"https:\/\/www.locoxelrojo.com\/independiente\/?p=126869"},"modified":"2025-09-17T20:36:49","modified_gmt":"2025-09-17T23:36:49","slug":"se-levanto-la-clausura-de-las-tribunas-pavoni","status":"publish","type":"post","link":"https:\/\/www.locoxelrojo.com\/independiente\/2025\/09\/17\/se-levanto-la-clausura-de-las-tribunas-pavoni\/","title":{"rendered":"Se levant\u00f3 la clausura de las tribunas Pavoni"},"content":{"rendered":"<p><strong>Independiente podr\u00e1 usar la totalidad del estadio para el partido con San Lorenzo.<\/strong><\/p>\n<p>Se viene el cl\u00e1sico con el Cuervo, este domingo a las 14:30, por la fecha 9 del Torneo Clausura. <strong>La buena noticia para todos los hinchas del Rojo es que APreViDe levant\u00f3 la clausura de las tribunas Pavoni Alta y Pavoni Baja.<\/strong><\/p>\n<p><strong>Esta decisi\u00f3n se tom\u00f3 luego de las gestiones que realiz\u00f3 el club en los \u00faltimos d\u00edas.<\/strong> Por suerte, hay luz verde y el Libertadores de Am\u00e9rica &#8211; Ricardo Enrique Bochini tendr\u00e1 otro marco totalmente diferente al del encuentro con Banfield.<\/p>\n<blockquote class=\"twitter-tweet\">\n<p dir=\"ltr\" lang=\"es\">\u00a1DOMINGO A CANCHA LLENA!<\/p>\n<p>Luego de las gestiones realizadas por el Club, la <a href=\"https:\/\/t.co\/SpWmFhkdDB\">https:\/\/t.co\/SpWmFhkdDB<\/a>. decidi\u00f3 levantar la sanci\u00f3n que pesaba sobre las Tribunas Pavoni Baja y Alta, motivo por el cual el Estadio LDA-REB estar\u00e1 habilitado en su capacidad total para el encuentro del\u2026 <a href=\"https:\/\/t.co\/Bi8wPGinjS\">pic.twitter.com\/Bi8wPGinjS<\/a><\/p>\n<p>\u2014 C. A. Independiente (@Independiente) <a href=\"https:\/\/twitter.com\/Independiente\/status\/1968428037927534913?ref_src=twsrc%5Etfw\">September 17, 2025<\/a><\/p><\/blockquote>\n<p><script async src=\"https:\/\/platform.twitter.com\/widgets.js\" charset=\"utf-8\"><\/script><\/p>\n","protected":false},"excerpt":{"rendered":"<p>Independiente podr\u00e1 usar la totalidad del estadio para el partido con San Lorenzo. Se viene el cl\u00e1sico con el Cuervo, este domingo a las 14:30, por la fecha 9 del Torneo Clausura. La buena noticia para todos los hinchas del Rojo es que APreViDe levant\u00f3 la clausura de las tribunas Pavoni Alta y Pavoni Baja. [&hellip;]<\/p>\n","protected":false},"author":1,"featured_media":118533,"comment_status":"open","ping_status":"closed","sticky":false,"template":"","format":"standard","meta":{"_links_to":"","_links_to_target":""},"categories":[3280,3247],"tags":[1718,153,5090],"_links":{"self":[{"href":"https:\/\/www.locoxelrojo.com\/independiente\/wp-json\/wp\/v2\/posts\/126869"}],"collection":[{"href":"https:\/\/www.locoxelrojo.com\/independiente\/wp-json\/wp\/v2\/posts"}],"about":[{"href":"https:\/\/www.locoxelrojo.com\/independiente\/wp-json\/wp\/v2\/types\/post"}],"author":[{"embeddable":true,"href":"https:\/\/www.locoxelrojo.com\/independiente\/wp-json\/wp\/v2\/users\/1"}],"replies":[{"embeddable":true,"href":"https:\/\/www.locoxelrojo.com\/independiente\/wp-json\/wp\/v2\/comments?post=126869"}],"version-history":[{"count":2,"href":"https:\/\/www.locoxelrojo.com\/independiente\/wp-json\/wp\/v2\/posts\/126869\/revisions"}],"predecessor-version":[{"id":126871,"href":"https:\/\/www.locoxelrojo.com\/independiente\/wp-json\/wp\/v2\/posts\/126869\/revisions\/126871"}],"wp:featuredmedia":[{"embeddable":true,"href":"https:\/\/www.locoxelrojo.com\/independiente\/wp-json\/wp\/v2\/media\/118533"}],"wp:attachment":[{"href":"https:\/\/www.locoxelrojo.com\/independiente\/wp-json\/wp\/v2\/media?parent=126869"}],"wp:term":[{"taxonomy":"category","embeddable":true,"href":"https:\/\/www.locoxelrojo.com\/independiente\/wp-json\/wp\/v2\/categories?post=126869"},{"taxonomy":"post_tag","embeddable":true,"href":"https:\/\/www.locoxelrojo.com\/independiente\/wp-json\/wp\/v2\/tags?post=126869"}],"curies":[{"name":"wp","href":"https:\/\/api.w.org\/{rel}","templated":true}]}}