{"id":127091,"date":"2025-10-02T14:19:20","date_gmt":"2025-10-02T17:19:20","guid":{"rendered":"https:\/\/www.locoxelrojo.com\/independiente\/?p=127091"},"modified":"2025-10-02T14:19:20","modified_gmt":"2025-10-02T17:19:20","slug":"comunicado-de-atomik-se-baja-de-la-negociacion","status":"publish","type":"post","link":"https:\/\/www.locoxelrojo.com\/independiente\/2025\/10\/02\/comunicado-de-atomik-se-baja-de-la-negociacion\/","title":{"rendered":"Comunicado de Atomik: se baja de la negociaci\u00f3n"},"content":{"rendered":"<p><strong>Atomik comunic\u00f3 que se baja de las negociaciones para vestir a Independiente. <\/strong><\/p>\n<p>La empresa que pertenece al holding G\u00e1ndara, que encabeza el empresario textil Mart\u00edn G\u00e1ndara, envi\u00f3 un comunicado a los medios <strong>dando los motivos por los que ya no les interesa ser el sponsor t\u00e9cnico de Independiente<\/strong>.<\/p>\n<p>Entre los principales puntos manifiestan que <strong>en los \u00faltimos d\u00edas la marca recibi\u00f3 injurias y desprestigio en las redes sociales<\/strong>. Adem\u00e1s, <strong>acusan de recibir amenazas a familiares y directivos de la empresa<\/strong>.<\/p>\n<p><a href=\"https:\/\/locoxelrojo.com\/independiente\/wp-content\/uploads\/2025\/10\/comunicado-atomik.jpeg\"><img loading=\"lazy\" class=\"aligncenter size-large wp-image-127092\" src=\"https:\/\/locoxelrojo.com\/independiente\/wp-content\/uploads\/2025\/10\/comunicado-atomik-576x1024.jpeg\" alt=\"comunicado-atomik\" width=\"576\" height=\"1024\" srcset=\"https:\/\/locoxelrojo.com\/independiente\/wp-content\/uploads\/2025\/10\/comunicado-atomik-576x1024.jpeg 576w, https:\/\/locoxelrojo.com\/independiente\/wp-content\/uploads\/2025\/10\/comunicado-atomik-169x300.jpeg 169w, https:\/\/locoxelrojo.com\/independiente\/wp-content\/uploads\/2025\/10\/comunicado-atomik-696x1237.jpeg 696w, https:\/\/locoxelrojo.com\/independiente\/wp-content\/uploads\/2025\/10\/comunicado-atomik-236x420.jpeg 236w, https:\/\/locoxelrojo.com\/independiente\/wp-content\/uploads\/2025\/10\/comunicado-atomik.jpeg 720w\" sizes=\"(max-width: 576px) 100vw, 576px\" \/><\/a><\/p>\n<p>Lleg\u00f3 a este punto de la negociaci\u00f3n <strong>impulsada por una parte de la Comisi\u00f3n Directiva<\/strong>, donde uno de ellos ten\u00eda un estrecho v\u00ednculo con el empresario. <strong>Se fue por la puerta de atr\u00e1s por el descontento general de los socios e hinchas del Rojo. <\/strong><\/p>\n<p>De esta manera, y con el reciente acuerdo entre el club y Puma, <strong>se le pone un final feliz a esta rid\u00edcula intensi\u00f3n de bajarle prestigio a Independiente<\/strong>.<\/p>\n","protected":false},"excerpt":{"rendered":"<p>Atomik comunic\u00f3 que se baja de las negociaciones para vestir a Independiente. La empresa que pertenece al holding G\u00e1ndara, que encabeza el empresario textil Mart\u00edn G\u00e1ndara, envi\u00f3 un comunicado a los medios dando los motivos por los que ya no les interesa ser el sponsor t\u00e9cnico de Independiente. Entre los principales puntos manifiestan que en [&hellip;]<\/p>\n","protected":false},"author":1,"featured_media":127093,"comment_status":"open","ping_status":"closed","sticky":false,"template":"","format":"standard","meta":{"_links_to":"","_links_to_target":""},"categories":[3280,3247],"tags":[5891,153],"_links":{"self":[{"href":"https:\/\/www.locoxelrojo.com\/independiente\/wp-json\/wp\/v2\/posts\/127091"}],"collection":[{"href":"https:\/\/www.locoxelrojo.com\/independiente\/wp-json\/wp\/v2\/posts"}],"about":[{"href":"https:\/\/www.locoxelrojo.com\/independiente\/wp-json\/wp\/v2\/types\/post"}],"author":[{"embeddable":true,"href":"https:\/\/www.locoxelrojo.com\/independiente\/wp-json\/wp\/v2\/users\/1"}],"replies":[{"embeddable":true,"href":"https:\/\/www.locoxelrojo.com\/independiente\/wp-json\/wp\/v2\/comments?post=127091"}],"version-history":[{"count":1,"href":"https:\/\/www.locoxelrojo.com\/independiente\/wp-json\/wp\/v2\/posts\/127091\/revisions"}],"predecessor-version":[{"id":127094,"href":"https:\/\/www.locoxelrojo.com\/independiente\/wp-json\/wp\/v2\/posts\/127091\/revisions\/127094"}],"wp:featuredmedia":[{"embeddable":true,"href":"https:\/\/www.locoxelrojo.com\/independiente\/wp-json\/wp\/v2\/media\/127093"}],"wp:attachment":[{"href":"https:\/\/www.locoxelrojo.com\/independiente\/wp-json\/wp\/v2\/media?parent=127091"}],"wp:term":[{"taxonomy":"category","embeddable":true,"href":"https:\/\/www.locoxelrojo.com\/independiente\/wp-json\/wp\/v2\/categories?post=127091"},{"taxonomy":"post_tag","embeddable":true,"href":"https:\/\/www.locoxelrojo.com\/independiente\/wp-json\/wp\/v2\/tags?post=127091"}],"curies":[{"name":"wp","href":"https:\/\/api.w.org\/{rel}","templated":true}]}}