{"id":127095,"date":"2025-10-02T15:35:23","date_gmt":"2025-10-02T18:35:23","guid":{"rendered":"https:\/\/www.locoxelrojo.com\/independiente\/?p=127095"},"modified":"2025-10-02T15:35:23","modified_gmt":"2025-10-02T18:35:23","slug":"independiente-confirmo-el-acuerdo-con-puma","status":"publish","type":"post","link":"https:\/\/www.locoxelrojo.com\/independiente\/2025\/10\/02\/independiente-confirmo-el-acuerdo-con-puma\/","title":{"rendered":"Independiente confirm\u00f3 el acuerdo con Puma"},"content":{"rendered":"<p><strong>Independiente hizo oficial la continuidad de Puma.<\/strong><\/p>\n<p>A trav\u00e9s de un comunicado oficial, el Rojo anunci\u00f3 que la empresa alemana seguir\u00e1 siendo <strong>el sponsor t\u00e9cnico del club hasta diciembre 2031<\/strong>. Tras varias especulaciones de algunos dirigentes por meter a Atomik, <strong>la presi\u00f3n de los hinchas llev\u00f3 a tomar esta decisi\u00f3n.<\/strong><\/p>\n<p><strong>Este jueves el presidente N\u00e9stor Grindetti tuvo una reuni\u00f3n con el Managing Director de PUMA Argentina, Gustavo Marques, en la que se acord\u00f3 de palabra el nuevo contrato por 6 a\u00f1os m\u00e1s.<\/strong> Hubo una mejora sustancial en los n\u00fameros en relaci\u00f3n al contrato actual y tambi\u00e9n cambi\u00f3 la oferta inicial, que semanas atr\u00e1s se rechaz\u00f3.<\/p>\n<p><strong><a href=\"https:\/\/www.locoxelrojo.com\/independiente\/2025\/09\/30\/los-hinchas-se-expresaron-en-la-sede-social\/\">La convocatoria de los hinchas a la Sede Social<\/a>, los llamados desde la AFA y el de Sergio Ag\u00fcero<\/strong>, fueron los 3 factores claves para que esto avance y cambie el rumbo.<\/p>\n<p>A continuaci\u00f3n, el comunicado oficial:<\/p>\n<blockquote class=\"twitter-tweet\">\n<p dir=\"ltr\" lang=\"es\">El Club Atl\u00e9tico Independiente informa a sus socios, socias e hinchas que en el d\u00eda de la fecha el presidente de la instituci\u00f3n, N\u00e9stor Grindetti, mantuvo una reuni\u00f3n con el Managing Director de PUMA Argentina, Gustavo Marques, en la cual se acord\u00f3 la continuidad del v\u00ednculo\u2026 <a href=\"https:\/\/t.co\/DSaOlmAEE9\">pic.twitter.com\/DSaOlmAEE9<\/a><\/p>\n<p>\u2014 C. A. Independiente (@Independiente) <a href=\"https:\/\/twitter.com\/Independiente\/status\/1973767153481347555?ref_src=twsrc%5Etfw\">October 2, 2025<\/a><\/p><\/blockquote>\n<p><script async src=\"https:\/\/platform.twitter.com\/widgets.js\" charset=\"utf-8\"><\/script><\/p>\n","protected":false},"excerpt":{"rendered":"<p>Independiente hizo oficial la continuidad de Puma. A trav\u00e9s de un comunicado oficial, el Rojo anunci\u00f3 que la empresa alemana seguir\u00e1 siendo el sponsor t\u00e9cnico del club hasta diciembre 2031. Tras varias especulaciones de algunos dirigentes por meter a Atomik, la presi\u00f3n de los hinchas llev\u00f3 a tomar esta decisi\u00f3n. Este jueves el presidente N\u00e9stor [&hellip;]<\/p>\n","protected":false},"author":1,"featured_media":127096,"comment_status":"open","ping_status":"closed","sticky":false,"template":"","format":"standard","meta":{"_links_to":"","_links_to_target":""},"categories":[3280,3247],"tags":[153,1455,434],"_links":{"self":[{"href":"https:\/\/www.locoxelrojo.com\/independiente\/wp-json\/wp\/v2\/posts\/127095"}],"collection":[{"href":"https:\/\/www.locoxelrojo.com\/independiente\/wp-json\/wp\/v2\/posts"}],"about":[{"href":"https:\/\/www.locoxelrojo.com\/independiente\/wp-json\/wp\/v2\/types\/post"}],"author":[{"embeddable":true,"href":"https:\/\/www.locoxelrojo.com\/independiente\/wp-json\/wp\/v2\/users\/1"}],"replies":[{"embeddable":true,"href":"https:\/\/www.locoxelrojo.com\/independiente\/wp-json\/wp\/v2\/comments?post=127095"}],"version-history":[{"count":1,"href":"https:\/\/www.locoxelrojo.com\/independiente\/wp-json\/wp\/v2\/posts\/127095\/revisions"}],"predecessor-version":[{"id":127097,"href":"https:\/\/www.locoxelrojo.com\/independiente\/wp-json\/wp\/v2\/posts\/127095\/revisions\/127097"}],"wp:featuredmedia":[{"embeddable":true,"href":"https:\/\/www.locoxelrojo.com\/independiente\/wp-json\/wp\/v2\/media\/127096"}],"wp:attachment":[{"href":"https:\/\/www.locoxelrojo.com\/independiente\/wp-json\/wp\/v2\/media?parent=127095"}],"wp:term":[{"taxonomy":"category","embeddable":true,"href":"https:\/\/www.locoxelrojo.com\/independiente\/wp-json\/wp\/v2\/categories?post=127095"},{"taxonomy":"post_tag","embeddable":true,"href":"https:\/\/www.locoxelrojo.com\/independiente\/wp-json\/wp\/v2\/tags?post=127095"}],"curies":[{"name":"wp","href":"https:\/\/api.w.org\/{rel}","templated":true}]}}