{"id":127362,"date":"2025-10-22T13:32:47","date_gmt":"2025-10-22T16:32:47","guid":{"rendered":"https:\/\/www.locoxelrojo.com\/independiente\/?p=127362"},"modified":"2025-10-23T15:03:07","modified_gmt":"2025-10-23T18:03:07","slug":"centurion-y-closter-al-mundial-sub-17-parmo-afuera","status":"publish","type":"post","link":"https:\/\/www.locoxelrojo.com\/independiente\/2025\/10\/22\/centurion-y-closter-al-mundial-sub-17-parmo-afuera\/","title":{"rendered":"Centuri\u00f3n y Closter al Mundial Sub 17, Parmo afuera"},"content":{"rendered":"<p><strong>Juan Manuel Centuri\u00f3n y Fernando Closter<\/strong> fueron convocados a la Selecci\u00f3n Argentina Sub 17 para disputar el Mundial Sub 17.<\/p>\n<p>Diego Placente present\u00f3 la lista oficial de la Selecci\u00f3n Argentina Sub 17 para el Mundial de Qatar. <strong>La sorpresa m\u00e1s grande fue la ausencia de Tom\u00e1s Parmo, que parec\u00eda una fija. Es una de las figuras de las Divisiones Inferiores de Independiente y era habitual convocado por el DT en las etapas previas. No pas\u00f3 el \u00faltimo filtro y qued\u00f3 afuera.<\/strong><\/p>\n<p>A pesar de eso, el Rojo contar\u00e1 con representaci\u00f3n. Los futbolistas Centuri\u00f3n y Closter fueron seleccionados para el certamen. <strong>El primero es arquero, tiene 17 a\u00f1os y habitualmente ataja en la Sexta Divisi\u00f3n del club. El segundo es un apellido m\u00e1s conocido, misma edad, es uno de los centrales de la Reserva y ya tiene citaciones en Primera.<\/strong><\/p>\n<p>El Mundial se disputar\u00e1 del 3 al 27 de noviembre. <strong>Argentina integra el grupo D junto a B\u00e9lgica, T\u00fanez y Fiyi.<\/strong> Habr\u00e1 48 equipos divididos en 12 grupos de 4 cada uno. Los primeros, los segundos y los 8 mejores terceros clasifican a los 16avos de final.<\/p>\n<blockquote class=\"twitter-tweet\">\n<p dir=\"ltr\" lang=\"es\"><a href=\"https:\/\/twitter.com\/hashtag\/Sub17?src=hash&amp;ref_src=twsrc%5Etfw\">#Sub17<\/a> Diego Placente confirm\u00f3 los nombres de los 21 jugadores que viajar\u00e1n a Qatar para la disputa de la <a href=\"https:\/\/twitter.com\/U17WC?ref_src=twsrc%5Etfw\">@U17WC<\/a>.<\/p>\n<p> <a href=\"https:\/\/t.co\/V9AWQnTGHB\">https:\/\/t.co\/V9AWQnTGHB<\/a><\/p>\n<p>\u00a1Vamos los pibes! \u00a1<a href=\"https:\/\/twitter.com\/hashtag\/TodosJuntos?src=hash&amp;ref_src=twsrc%5Etfw\">#TodosJuntos<\/a>!  <a href=\"https:\/\/t.co\/duOcDJqSaf\">pic.twitter.com\/duOcDJqSaf<\/a><\/p>\n<p>\u2014  Selecci\u00f3n Argentina \u2b50\u2b50\u2b50 (@Argentina) <a href=\"https:\/\/twitter.com\/Argentina\/status\/1981114997683212754?ref_src=twsrc%5Etfw\">October 22, 2025<\/a><\/p><\/blockquote>\n<p><script async src=\"https:\/\/platform.twitter.com\/widgets.js\" charset=\"utf-8\"><\/script><\/p>\n","protected":false},"excerpt":{"rendered":"<p>Juan Manuel Centuri\u00f3n y Fernando Closter fueron convocados a la Selecci\u00f3n Argentina Sub 17 para disputar el Mundial Sub 17. Diego Placente present\u00f3 la lista oficial de la Selecci\u00f3n Argentina Sub 17 para el Mundial de Qatar. La sorpresa m\u00e1s grande fue la ausencia de Tom\u00e1s Parmo, que parec\u00eda una fija. Es una de las [&hellip;]<\/p>\n","protected":false},"author":101044,"featured_media":127363,"comment_status":"open","ping_status":"closed","sticky":false,"template":"","format":"standard","meta":{"_links_to":"","_links_to_target":""},"categories":[3247,3281],"tags":[3784,5447,5518,5897,227,5165],"_links":{"self":[{"href":"https:\/\/www.locoxelrojo.com\/independiente\/wp-json\/wp\/v2\/posts\/127362"}],"collection":[{"href":"https:\/\/www.locoxelrojo.com\/independiente\/wp-json\/wp\/v2\/posts"}],"about":[{"href":"https:\/\/www.locoxelrojo.com\/independiente\/wp-json\/wp\/v2\/types\/post"}],"author":[{"embeddable":true,"href":"https:\/\/www.locoxelrojo.com\/independiente\/wp-json\/wp\/v2\/users\/101044"}],"replies":[{"embeddable":true,"href":"https:\/\/www.locoxelrojo.com\/independiente\/wp-json\/wp\/v2\/comments?post=127362"}],"version-history":[{"count":1,"href":"https:\/\/www.locoxelrojo.com\/independiente\/wp-json\/wp\/v2\/posts\/127362\/revisions"}],"predecessor-version":[{"id":127364,"href":"https:\/\/www.locoxelrojo.com\/independiente\/wp-json\/wp\/v2\/posts\/127362\/revisions\/127364"}],"wp:featuredmedia":[{"embeddable":true,"href":"https:\/\/www.locoxelrojo.com\/independiente\/wp-json\/wp\/v2\/media\/127363"}],"wp:attachment":[{"href":"https:\/\/www.locoxelrojo.com\/independiente\/wp-json\/wp\/v2\/media?parent=127362"}],"wp:term":[{"taxonomy":"category","embeddable":true,"href":"https:\/\/www.locoxelrojo.com\/independiente\/wp-json\/wp\/v2\/categories?post=127362"},{"taxonomy":"post_tag","embeddable":true,"href":"https:\/\/www.locoxelrojo.com\/independiente\/wp-json\/wp\/v2\/tags?post=127362"}],"curies":[{"name":"wp","href":"https:\/\/api.w.org\/{rel}","templated":true}]}}