{"id":127368,"date":"2025-10-23T16:55:35","date_gmt":"2025-10-23T19:55:35","guid":{"rendered":"https:\/\/www.locoxelrojo.com\/independiente\/?p=127368"},"modified":"2025-10-23T16:55:35","modified_gmt":"2025-10-23T19:55:35","slug":"martin-muscio-presento-su-renuncia","status":"publish","type":"post","link":"https:\/\/www.locoxelrojo.com\/independiente\/2025\/10\/23\/martin-muscio-presento-su-renuncia\/","title":{"rendered":"Mart\u00edn Muscio present\u00f3 su renuncia"},"content":{"rendered":"<p><strong>Mart\u00edn Muscio present\u00f3 su renuncia indeclinable al cargo de Secretario de Promoci\u00f3n y Comunicaci\u00f3n de Imagen Institucional de Independiente.<\/strong><\/p>\n<p>Lo confirm\u00f3 a trav\u00e9s de sus redes sociales y se encarg\u00f3 de aclarar que es indeclinable. De esta manera, y de cara a los pr\u00f3ximos compromisos comerciales que tiene por delante el club, <strong>queda ac\u00e9fala el \u00e1rea de Marketing<\/strong>.<\/p>\n<p><strong>&#8220;Hoy present\u00e9 mi renuncia indeclinable al cargo de Secretario de Comunicaci\u00f3n e Imagen institucional de Independiente. Esta decisi\u00f3n personal se debe a divergencias en la visi\u00f3n estrat\u00e9gica del futuro del club y en la gesti\u00f3n profesional de los \u00faltimos meses&#8221;<\/strong>, expres\u00f3.<\/p>\n<p>Luego, mencion\u00f3 lo que pudo trabajar en esos 3 a\u00f1os de gesti\u00f3n: <strong>&#8220;Gracias al apoyo incondicional de todos los hinchas y socios del Club, durante estos 36 meses de gesti\u00f3n hemos llevado a cabo la mejor gesti\u00f3n de Marketing de la historia: r\u00e9cord de 170.000 socios, 16.600 abonados, r\u00e9cord de sponsors en indumentaria oficial, m\u00e1s de 40 convenios comerciales, creaci\u00f3n de Independiente Store, Fan Fest, Noche del Rey y la confiter\u00eda en el estadio&#8221;<\/strong>.<\/p>\n<p><a href=\"https:\/\/locoxelrojo.com\/independiente\/wp-content\/uploads\/2025\/10\/comunicado-renuncia-muscio.jpeg\"><img loading=\"lazy\" class=\"aligncenter size-large wp-image-127369\" src=\"https:\/\/locoxelrojo.com\/independiente\/wp-content\/uploads\/2025\/10\/comunicado-renuncia-muscio-797x1024.jpeg\" alt=\"comunicado-renuncia-muscio\" width=\"696\" height=\"894\" srcset=\"https:\/\/locoxelrojo.com\/independiente\/wp-content\/uploads\/2025\/10\/comunicado-renuncia-muscio-797x1024.jpeg 797w, https:\/\/locoxelrojo.com\/independiente\/wp-content\/uploads\/2025\/10\/comunicado-renuncia-muscio-233x300.jpeg 233w, https:\/\/locoxelrojo.com\/independiente\/wp-content\/uploads\/2025\/10\/comunicado-renuncia-muscio-768x987.jpeg 768w, https:\/\/locoxelrojo.com\/independiente\/wp-content\/uploads\/2025\/10\/comunicado-renuncia-muscio-1195x1536.jpeg 1195w, https:\/\/locoxelrojo.com\/independiente\/wp-content\/uploads\/2025\/10\/comunicado-renuncia-muscio-696x895.jpeg 696w, https:\/\/locoxelrojo.com\/independiente\/wp-content\/uploads\/2025\/10\/comunicado-renuncia-muscio-1068x1373.jpeg 1068w, https:\/\/locoxelrojo.com\/independiente\/wp-content\/uploads\/2025\/10\/comunicado-renuncia-muscio-327x420.jpeg 327w, https:\/\/locoxelrojo.com\/independiente\/wp-content\/uploads\/2025\/10\/comunicado-renuncia-muscio.jpeg 1283w\" sizes=\"(max-width: 696px) 100vw, 696px\" \/><\/a><\/p>\n<p>Esta salida de Muscio <strong>se da un medio de un momento pol\u00edtico institucional convulsionado<\/strong>. La grieta en la Comisi\u00f3n Directiva cada vez es m\u00e1s grande.<strong> Hay dos bandos bien claros: por un lado el ala de N\u00e9stor Grindetti y por el otro los que siguen a Daniel Seoane<\/strong>. En la avenida del medio, hay 2 o 3 que se llevan bien con ambas partes.<\/p>\n<p>Muscio <strong>es el quinto dirigente que deja el club<\/strong> formalmente y se suma a: <strong>Fabi\u00e1n Doman, Juan Marconi, Javier Mazzeo, Victoria Laur\u00eda<\/strong>.<\/p>\n","protected":false},"excerpt":{"rendered":"<p>Mart\u00edn Muscio present\u00f3 su renuncia indeclinable al cargo de Secretario de Promoci\u00f3n y Comunicaci\u00f3n de Imagen Institucional de Independiente. Lo confirm\u00f3 a trav\u00e9s de sus redes sociales y se encarg\u00f3 de aclarar que es indeclinable. De esta manera, y de cara a los pr\u00f3ximos compromisos comerciales que tiene por delante el club, queda ac\u00e9fala el [&hellip;]<\/p>\n","protected":false},"author":1,"featured_media":127370,"comment_status":"open","ping_status":"closed","sticky":false,"template":"","format":"standard","meta":{"_links_to":"","_links_to_target":""},"categories":[3280,3247],"tags":[153,5338],"_links":{"self":[{"href":"https:\/\/www.locoxelrojo.com\/independiente\/wp-json\/wp\/v2\/posts\/127368"}],"collection":[{"href":"https:\/\/www.locoxelrojo.com\/independiente\/wp-json\/wp\/v2\/posts"}],"about":[{"href":"https:\/\/www.locoxelrojo.com\/independiente\/wp-json\/wp\/v2\/types\/post"}],"author":[{"embeddable":true,"href":"https:\/\/www.locoxelrojo.com\/independiente\/wp-json\/wp\/v2\/users\/1"}],"replies":[{"embeddable":true,"href":"https:\/\/www.locoxelrojo.com\/independiente\/wp-json\/wp\/v2\/comments?post=127368"}],"version-history":[{"count":1,"href":"https:\/\/www.locoxelrojo.com\/independiente\/wp-json\/wp\/v2\/posts\/127368\/revisions"}],"predecessor-version":[{"id":127371,"href":"https:\/\/www.locoxelrojo.com\/independiente\/wp-json\/wp\/v2\/posts\/127368\/revisions\/127371"}],"wp:featuredmedia":[{"embeddable":true,"href":"https:\/\/www.locoxelrojo.com\/independiente\/wp-json\/wp\/v2\/media\/127370"}],"wp:attachment":[{"href":"https:\/\/www.locoxelrojo.com\/independiente\/wp-json\/wp\/v2\/media?parent=127368"}],"wp:term":[{"taxonomy":"category","embeddable":true,"href":"https:\/\/www.locoxelrojo.com\/independiente\/wp-json\/wp\/v2\/categories?post=127368"},{"taxonomy":"post_tag","embeddable":true,"href":"https:\/\/www.locoxelrojo.com\/independiente\/wp-json\/wp\/v2\/tags?post=127368"}],"curies":[{"name":"wp","href":"https:\/\/api.w.org\/{rel}","templated":true}]}}