{"id":127378,"date":"2025-10-23T21:23:09","date_gmt":"2025-10-24T00:23:09","guid":{"rendered":"https:\/\/www.locoxelrojo.com\/independiente\/?p=127378"},"modified":"2025-10-23T21:23:09","modified_gmt":"2025-10-24T00:23:09","slug":"concentrados-vs-platense-la-vuelta-de-loyola","status":"publish","type":"post","link":"https:\/\/www.locoxelrojo.com\/independiente\/2025\/10\/23\/concentrados-vs-platense-la-vuelta-de-loyola\/","title":{"rendered":"Concentrados vs. Platense: la vuelta de Loyola"},"content":{"rendered":"<p>Independiente recibe a Platense este viernes a las 18 en el estadio Libertadores de Am\u00e9rica &#8211; Ricardo Enrique Bochini, por el postergado de la fecha 6 del Torneo Clausura. <strong>Gustavo Quinteros cit\u00f3 a 24 futbolistas.<\/strong><\/p>\n<p>Tanto <strong>Federico Vera como Milton Valenzuela son baja por desgarros musculares<\/strong> sufridos durante el encuentro en San Juan. Adem\u00e1s, Mateo Morro y Franco Paredes tambi\u00e9n salen de la lista.<\/p>\n<p>Por su lado, tambi\u00e9n hay 4 altas. <strong>La principal novedad es el regreso de Felipe Loyola que trabaj\u00f3 a la par de sus compa\u00f1eros durante toda la semana y vuelve a estar en consideraci\u00f3n por Quinteros.<\/strong><\/p>\n<p><strong>Jonathan De Irastorza<\/strong> se suma en la defensa y <strong>Santiago Montiel<\/strong> vuelve tras cumplir con su sanci\u00f3n. <strong>Josias Palais, atacante categor\u00eda 2006 y habitual titular en la Reserva, recibe su primera convocatoria.<\/strong><\/p>\n<h3>Los concentrados:<\/h3>\n<p><strong>Arqueros:<\/strong> Joaqu\u00edn Blazquez y Rodrigo Rey.<\/p>\n<p><strong>Defensores:<\/strong> Nicol\u00e1s Freire, Facundo Zabala, Kevin Lom\u00f3naco, Leonardo Godoy, Sebasti\u00e1n Vald\u00e9z y Jonathan De Irastorza.<\/p>\n<p><strong>Volantes:<\/strong> Felipe Loyola, Pablo Galdames, Luciano Cabral, Federico Mancuello, Lautaro Mill\u00e1n, Rodrigo Fern\u00e1ndez Cedr\u00e9s, Iv\u00e1n Marcone y Mateo P\u00e9rez Curci<\/p>\n<p><strong>Delanteros:<\/strong> Santiago Montiel, Gabriel \u00c1valos, Walter Mazzantti, Mat\u00edas Abaldo, Ignacio Pussetto, Diego Tarzia, Enzo Taborda y Josias Palais.<\/p>\n","protected":false},"excerpt":{"rendered":"<p>Independiente recibe a Platense este viernes a las 18 en el estadio Libertadores de Am\u00e9rica &#8211; Ricardo Enrique Bochini, por el postergado de la fecha 6 del Torneo Clausura. Gustavo Quinteros cit\u00f3 a 24 futbolistas. Tanto Federico Vera como Milton Valenzuela son baja por desgarros musculares sufridos durante el encuentro en San Juan. Adem\u00e1s, Mateo [&hellip;]<\/p>\n","protected":false},"author":101039,"featured_media":127379,"comment_status":"open","ping_status":"closed","sticky":false,"template":"","format":"standard","meta":{"_links_to":"","_links_to_target":""},"categories":[3247,3],"tags":[153,5220,5659,5267,5403,3398,5735],"_links":{"self":[{"href":"https:\/\/www.locoxelrojo.com\/independiente\/wp-json\/wp\/v2\/posts\/127378"}],"collection":[{"href":"https:\/\/www.locoxelrojo.com\/independiente\/wp-json\/wp\/v2\/posts"}],"about":[{"href":"https:\/\/www.locoxelrojo.com\/independiente\/wp-json\/wp\/v2\/types\/post"}],"author":[{"embeddable":true,"href":"https:\/\/www.locoxelrojo.com\/independiente\/wp-json\/wp\/v2\/users\/101039"}],"replies":[{"embeddable":true,"href":"https:\/\/www.locoxelrojo.com\/independiente\/wp-json\/wp\/v2\/comments?post=127378"}],"version-history":[{"count":1,"href":"https:\/\/www.locoxelrojo.com\/independiente\/wp-json\/wp\/v2\/posts\/127378\/revisions"}],"predecessor-version":[{"id":127380,"href":"https:\/\/www.locoxelrojo.com\/independiente\/wp-json\/wp\/v2\/posts\/127378\/revisions\/127380"}],"wp:featuredmedia":[{"embeddable":true,"href":"https:\/\/www.locoxelrojo.com\/independiente\/wp-json\/wp\/v2\/media\/127379"}],"wp:attachment":[{"href":"https:\/\/www.locoxelrojo.com\/independiente\/wp-json\/wp\/v2\/media?parent=127378"}],"wp:term":[{"taxonomy":"category","embeddable":true,"href":"https:\/\/www.locoxelrojo.com\/independiente\/wp-json\/wp\/v2\/categories?post=127378"},{"taxonomy":"post_tag","embeddable":true,"href":"https:\/\/www.locoxelrojo.com\/independiente\/wp-json\/wp\/v2\/tags?post=127378"}],"curies":[{"name":"wp","href":"https:\/\/api.w.org\/{rel}","templated":true}]}}