{"id":127395,"date":"2025-10-24T20:55:42","date_gmt":"2025-10-24T23:55:42","guid":{"rendered":"https:\/\/www.locoxelrojo.com\/independiente\/?p=127395"},"modified":"2025-10-24T22:17:11","modified_gmt":"2025-10-25T01:17:11","slug":"loyola-no-me-venia-sintiendo-bien-salia-de-una-lesion-y-caia-en-otra","status":"publish","type":"post","link":"https:\/\/www.locoxelrojo.com\/independiente\/2025\/10\/24\/loyola-no-me-venia-sintiendo-bien-salia-de-una-lesion-y-caia-en-otra\/","title":{"rendered":"Loyola: &#8220;No me ven\u00eda sintiendo bien, sal\u00eda de una lesi\u00f3n y ca\u00eda en otra&#8221;"},"content":{"rendered":"<p><strong>Felipe Loyola<\/strong> habl\u00f3 luego de la victoria de Independiente 3-0 ante Platense, por la fecha 6 del Torneo Clausura 2025.<\/p>\n<p>El chileno revel\u00f3 una lesi\u00f3n que estuvo perjudicando su condici\u00f3n f\u00edsica y su rendimiento en este semestre. <strong>&#8220;Me siento bien, aunque fue dif\u00edcil para m\u00ed desde los playoffs del torneo pasado. Antes de que comience la fecha con Rosario Central que no juego, ya que sufr\u00ed una lesi\u00f3n en la espalda, tuve una hernia y de ah\u00ed en adelante me empec\u00e9 a inflitrar&#8221;<\/strong>, comenz\u00f3.<\/p>\n<blockquote class=\"twitter-tweet\" data-media-max-width=\"560\">\n<p dir=\"ltr\" lang=\"es\">&#8220;TUVE UNA HERNIA Y EMPEC\u00c9 A INFILTRAR&#8221;<\/p>\n<p>La palabra de Felipe Loyola luego del triunfo de Independiente ante Platense<a href=\"https:\/\/twitter.com\/hashtag\/LaTiraDeTNTSports?src=hash&amp;ref_src=twsrc%5Etfw\">#LaTiraDeTNTSports<\/a> <a href=\"https:\/\/t.co\/YaAsa7S6Un\">pic.twitter.com\/YaAsa7S6Un<\/a><\/p>\n<p>\u2014 TNT Sports Argentina (@TNTSportsAR) <a href=\"https:\/\/twitter.com\/TNTSportsAR\/status\/1981860786503905639?ref_src=twsrc%5Etfw\">October 24, 2025<\/a><\/p><\/blockquote>\n<p><script async src=\"https:\/\/platform.twitter.com\/widgets.js\" charset=\"utf-8\"><\/script><\/p>\n<p>Por otro lado, Loyola hizo una gran autocritica y adem\u00e1s detall\u00f3 las lesiones que lo invadieron: <strong>&#8220;No me ven\u00eda sintiendo bien, no sent\u00ed que los playoffs m\u00edos fueran buenos y me cost\u00f3 un mont\u00f3n, nunca me termin\u00e9 de recuperar. Cuando sent\u00eda que estaba saliendo, me pasaba otra cosa. Me lesion\u00e9 el hombro, tengo una fractura en la costilla, ten\u00eda problemas para jugar contra la U de Chile, me pinch\u00e9 la rodilla y me esguinc\u00e9 los tobillos. Intentaba salir de una y ca\u00eda en otra&#8221;<\/strong>.<\/p>\n<p>Pipe se desahog\u00f3 y expres\u00f3 su angustia por no poder rendir al 100%. <strong>&#8220;Eso me gener\u00f3 un<\/strong><br \/>\n<strong>desgaste porque no me sent\u00ed bien dentro de la cancha, yo intentaba estar por el momento que est\u00e1bamos pasando y ayudar a mis compa\u00f1eros, ya que siempre quise estar. <\/strong><strong>Despu\u00e9s de la fractura de la costilla, descans\u00e9 dos partidos para recuperarme, pude volver a sentirme mejor y ayudar al equipo a poder ganar&#8221;<\/strong>, afirm\u00f3.<\/p>\n","protected":false},"excerpt":{"rendered":"<p>Felipe Loyola habl\u00f3 luego de la victoria de Independiente 3-0 ante Platense, por la fecha 6 del Torneo Clausura 2025. El chileno revel\u00f3 una lesi\u00f3n que estuvo perjudicando su condici\u00f3n f\u00edsica y su rendimiento en este semestre. &#8220;Me siento bien, aunque fue dif\u00edcil para m\u00ed desde los playoffs del torneo pasado. Antes de que comience [&hellip;]<\/p>\n","protected":false},"author":101043,"featured_media":127399,"comment_status":"open","ping_status":"closed","sticky":false,"template":"","format":"standard","meta":{"_links_to":"","_links_to_target":""},"categories":[3247,3],"tags":[153,5659,3398,5735],"_links":{"self":[{"href":"https:\/\/www.locoxelrojo.com\/independiente\/wp-json\/wp\/v2\/posts\/127395"}],"collection":[{"href":"https:\/\/www.locoxelrojo.com\/independiente\/wp-json\/wp\/v2\/posts"}],"about":[{"href":"https:\/\/www.locoxelrojo.com\/independiente\/wp-json\/wp\/v2\/types\/post"}],"author":[{"embeddable":true,"href":"https:\/\/www.locoxelrojo.com\/independiente\/wp-json\/wp\/v2\/users\/101043"}],"replies":[{"embeddable":true,"href":"https:\/\/www.locoxelrojo.com\/independiente\/wp-json\/wp\/v2\/comments?post=127395"}],"version-history":[{"count":4,"href":"https:\/\/www.locoxelrojo.com\/independiente\/wp-json\/wp\/v2\/posts\/127395\/revisions"}],"predecessor-version":[{"id":127400,"href":"https:\/\/www.locoxelrojo.com\/independiente\/wp-json\/wp\/v2\/posts\/127395\/revisions\/127400"}],"wp:featuredmedia":[{"embeddable":true,"href":"https:\/\/www.locoxelrojo.com\/independiente\/wp-json\/wp\/v2\/media\/127399"}],"wp:attachment":[{"href":"https:\/\/www.locoxelrojo.com\/independiente\/wp-json\/wp\/v2\/media?parent=127395"}],"wp:term":[{"taxonomy":"category","embeddable":true,"href":"https:\/\/www.locoxelrojo.com\/independiente\/wp-json\/wp\/v2\/categories?post=127395"},{"taxonomy":"post_tag","embeddable":true,"href":"https:\/\/www.locoxelrojo.com\/independiente\/wp-json\/wp\/v2\/tags?post=127395"}],"curies":[{"name":"wp","href":"https:\/\/api.w.org\/{rel}","templated":true}]}}