{"id":127432,"date":"2025-10-29T21:38:35","date_gmt":"2025-10-30T00:38:35","guid":{"rendered":"https:\/\/www.locoxelrojo.com\/independiente\/?p=127432"},"modified":"2025-10-29T21:38:35","modified_gmt":"2025-10-30T00:38:35","slug":"derrota-pero-con-clasificacion","status":"publish","type":"post","link":"https:\/\/www.locoxelrojo.com\/independiente\/2025\/10\/29\/derrota-pero-con-clasificacion\/","title":{"rendered":"Derrota, pero con clasificaci\u00f3n"},"content":{"rendered":"<p><strong>La Reserva de Independiente perdi\u00f3 1-0 ante Rosario Central<\/strong> en el predio Villa Dominico, por la fecha 16 y \u00faltima de la fase inicial del Torneo Proyecci\u00f3n Clausura 2025.<\/p>\n<p>El once inicial del Rojo estuvo conformado por: <strong>Joaqu\u00edn Bl\u00e1zquez; Sim\u00f3n Pinto, Thiago Ben\u00edtez, Nicol\u00e1s Garrido, Ramiro Martino; Mateo P\u00e9rez Curci, Lucas Gonz\u00e1lez; Enzo Taborda, Tom\u00e1s Parmo, Alan Laprida y Felipe Tempone<\/strong>. Adem\u00e1s, ingresaron<strong> Mathias De Las Carreras, Maximiliano Duarte, Mirko D\u00edaz, Joel Medina y Gonzalo Bord\u00f3n<\/strong>.<\/p>\n<p>En el primer tiempo se dio un partido <strong>parejo y con pocas llegadas<\/strong> de ambos equipos, reflejando un juego trabado y sin claridad en los \u00faltimos metros.<\/p>\n<p>Ya en el complemento, <strong>el Canalla a los 22&#8242; consigui\u00f3 el \u00fanico gol del partido<\/strong>. A partir de all\u00ed, el conjunto visitante supo controlar el encuentro y mantener la ventaja hasta el final, dejando sin reacci\u00f3n a Independiente.<\/p>\n<p>A pesar del resultado adverso, <strong>el equipo dirigido por Carlos Matheu logr\u00f3 la clasificaci\u00f3n a los playoffs con 24 puntos<\/strong> y ahora espera rival, que saldr\u00e1 entre <strong>Racing, Hurac\u00e1n o Union de Santa Fe<\/strong>.<\/p>\n","protected":false},"excerpt":{"rendered":"<p>La Reserva de Independiente perdi\u00f3 1-0 ante Rosario Central en el predio Villa Dominico, por la fecha 16 y \u00faltima de la fase inicial del Torneo Proyecci\u00f3n Clausura 2025. El once inicial del Rojo estuvo conformado por: Joaqu\u00edn Bl\u00e1zquez; Sim\u00f3n Pinto, Thiago Ben\u00edtez, Nicol\u00e1s Garrido, Ramiro Martino; Mateo P\u00e9rez Curci, Lucas Gonz\u00e1lez; Enzo Taborda, Tom\u00e1s [&hellip;]<\/p>\n","protected":false},"author":101042,"featured_media":127433,"comment_status":"open","ping_status":"closed","sticky":false,"template":"","format":"standard","meta":{"_links_to":"","_links_to_target":""},"categories":[3247,141],"tags":[27,231,507,5852],"_links":{"self":[{"href":"https:\/\/www.locoxelrojo.com\/independiente\/wp-json\/wp\/v2\/posts\/127432"}],"collection":[{"href":"https:\/\/www.locoxelrojo.com\/independiente\/wp-json\/wp\/v2\/posts"}],"about":[{"href":"https:\/\/www.locoxelrojo.com\/independiente\/wp-json\/wp\/v2\/types\/post"}],"author":[{"embeddable":true,"href":"https:\/\/www.locoxelrojo.com\/independiente\/wp-json\/wp\/v2\/users\/101042"}],"replies":[{"embeddable":true,"href":"https:\/\/www.locoxelrojo.com\/independiente\/wp-json\/wp\/v2\/comments?post=127432"}],"version-history":[{"count":1,"href":"https:\/\/www.locoxelrojo.com\/independiente\/wp-json\/wp\/v2\/posts\/127432\/revisions"}],"predecessor-version":[{"id":127434,"href":"https:\/\/www.locoxelrojo.com\/independiente\/wp-json\/wp\/v2\/posts\/127432\/revisions\/127434"}],"wp:featuredmedia":[{"embeddable":true,"href":"https:\/\/www.locoxelrojo.com\/independiente\/wp-json\/wp\/v2\/media\/127433"}],"wp:attachment":[{"href":"https:\/\/www.locoxelrojo.com\/independiente\/wp-json\/wp\/v2\/media?parent=127432"}],"wp:term":[{"taxonomy":"category","embeddable":true,"href":"https:\/\/www.locoxelrojo.com\/independiente\/wp-json\/wp\/v2\/categories?post=127432"},{"taxonomy":"post_tag","embeddable":true,"href":"https:\/\/www.locoxelrojo.com\/independiente\/wp-json\/wp\/v2\/tags?post=127432"}],"curies":[{"name":"wp","href":"https:\/\/api.w.org\/{rel}","templated":true}]}}