{"id":127438,"date":"2025-10-30T16:53:44","date_gmt":"2025-10-30T19:53:44","guid":{"rendered":"https:\/\/www.locoxelrojo.com\/independiente\/?p=127438"},"modified":"2025-10-30T16:53:44","modified_gmt":"2025-10-30T19:53:44","slug":"tasso-descendio-con-union-magdalena","status":"publish","type":"post","link":"https:\/\/www.locoxelrojo.com\/independiente\/2025\/10\/30\/tasso-descendio-con-union-magdalena\/","title":{"rendered":"Tasso descendi\u00f3 con Uni\u00f3n Magdalena"},"content":{"rendered":"<p><strong>Manuel Tasso descendi\u00f3 a la segunda categor\u00eda del f\u00fatbol colombiano este fin de semana, con Uni\u00f3n Magdalena.<\/strong><\/p>\n<p>El arquero de 24 a\u00f1os se encuentra a pr\u00e9stamo de Independiente desde julio y firm\u00f3 por un a\u00f1o. <strong>No lleg\u00f3 a debutar en su cesi\u00f3n<\/strong> y a\u00fan tiene contrato hasta diciembre de 2026 con el Rojo. <strong>\u00bfSer\u00e1 uno de los que pegue la vuelta para redefinir su futuro? <\/strong><\/p>\n<p>Con poca actividad en el f\u00fatbol local, detallamos c\u00f3mo le fue al resto de futbolistas de Independiente que est\u00e1n cedidos:<\/p>\n<p><strong>Javier Ru\u00edz \u2013 Barracas Central:<\/strong> el Guapo perdi\u00f3 3-1 ante Boca por el Torneo Clausura. Ruiz jug\u00f3 los 90 minutos y fue amonestado.<\/p>\n<p><strong>Santiago L\u00f3pez \u2013 Rosario Central:<\/strong> estuvo desde el arranque en el triunfo 1-0 ante Sarmiento. El Canalla quiere hacer uso de la opci\u00f3n de compra.<\/p>\n<p><strong>Kevin L\u00f3pez \u2013 Atl\u00e9tico Tucum\u00e1n:<\/strong> el Decano no tuvo competencia este fin de semana y se prepara para visitar al conjunto de Gustavo Quinteros. L\u00f3pez pelea por la titularidad.<\/p>\n<p><strong>Lucas Rom\u00e1n \u2013 Atl\u00e9tico Tucum\u00e1n:<\/strong> sigue en Reserva sumando minutos.<\/p>\n<p><strong>Rodrigo M\u00e1rquez \u2013 Platense:<\/strong> el Chila estuvo presente en el banco de suplentes en la derrota 3-0, justamente ante el Rey de Copas.<\/p>\n<p><strong>Santiago Salle \u2013 San Mart\u00edn de San Juan:<\/strong> el Verdinegro no tuvo actividad este finde. Salle est\u00e1 en la disputa por el puesto para enfrentar a Godoy Cruz.<\/p>\n<p><strong>Ignacio Maestro Puch \u2013 San Mart\u00edn de San Juan:<\/strong> con su equipo sin partidos en lo que fue el fin de semana, Puch trabaja en la semana para jugar con el Tomba.<\/p>\n<p><strong>Braian Mart\u00ednez \u2013 Tigre:<\/strong> el Matador tampoco disput\u00f3 encuentros esta semana. El Chaco busca estar entre los 11 para visitar a Belgrano, el pr\u00f3ximo lunes.<\/p>\n<p><strong>Nicolas Vallejo &#8211; Liverpool de Uruguay:<\/strong> el delantero fue titular y dio una asistencia para la victoria 3-1 ante Progreso. Es uno de los que tiene chances de darle ingresos a Independiente en este mercado de pases.<\/p>\n<p><strong>Baltasar Barcia \u2013 Boston River: <\/strong>fue suplente y no ingres\u00f3 en la goleada 4-0 a Miramar Misiones, por el Torneo Clausura Uruguayo.<\/p>\n<p><strong>Diego Segovia \u2013 Deportivo Maldonado:<\/strong> el equipo del Pocho empat\u00f3 1-1 frente a La Luz, pero el arquero sigue recuper\u00e1ndose de su fractura en el brazo. Va a pegar la vuelta al Rojo y habr\u00e1 que ver qu\u00e9 ser\u00e1 de su futuro.<\/p>\n<p><strong>Jhonny Qui\u00f1\u00f3nez \u2013 Barcelona de Ecuador:<\/strong> anot\u00f3 el \u00fanico gol y fue la figura del partido en la victoria por 1-0 ante Libertad, en la fecha 3 de la Serie A de Ecuador.<\/p>\n<p><strong>David Mart\u00ednez \u2013 Volos FC:<\/strong> el Tata no estuvo convocado en lo que fue la derrota 3-0 ante el PAOK Salonika por la Super League 1.<\/p>\n<p><strong>Juan Manuel Fedorco \u2013 Puebla:<\/strong> el defensor no estuvo entre los concentrados en la derrota 4-2 ante Ju\u00e1rez, por una lesi\u00f3n en el tobillo que lo dejar\u00e1 afuera de las canchas. \u00bfLo comprar\u00e1n los mexicanos?<\/p>\n<p><strong>Patricio Ostachuk \u2013 Trist\u00e1n Su\u00e1rez:<\/strong> el defensor jug\u00f3 los 90 minutos en el empate 0-0 por la ida de los cuartos de final del reducido ante Estudiantes de Buenos Aires. El domingo define en cancha del Pincha, por un lugar en las semifinales por el segundo ascenso.<\/p>\n<p><strong>Axel Poza \u2013 Gimnasia de Mendoza:<\/strong> recientemente ascendido con el Lobo Mendocino, le queda un a\u00f1o m\u00e1s a su cesi\u00f3n. \u00bfSeguir\u00e1?<\/p>\n<p><strong>Sergio Ort\u00edz \u2013 Nueva Chicago:<\/strong> el Torito no accedi\u00f3 al reducido y est\u00e1 sin actividad desde principios de octubre. El Melli tiene contrato con el conjunto de Mataderos hasta diciembre de 2026, pero con repesca en diciembre de este a\u00f1o y junio del pr\u00f3ximo.<\/p>\n<p><strong>Agust\u00edn Quiroga \u2013 Chacarita:<\/strong> el Funebrero se qued\u00f3 a un paso del reducido y Quiroga deber\u00e1 volver del pr\u00e9stamo en diciembre.<\/p>\n<p><strong>Mauro Molina \u2013 Dock Sud:<\/strong> fue titular y jug\u00f3 61 minutos en el empate 1-1 ante Deportivo Merlo.<\/p>\n<p><strong>Joel Gonz\u00e1lez \u2013 Dock Sud:<\/strong> no estuvo entre los convocados para lo que fue el empate 1-1 ante Deportivo Merlo.<\/p>\n","protected":false},"excerpt":{"rendered":"<p>Manuel Tasso descendi\u00f3 a la segunda categor\u00eda del f\u00fatbol colombiano este fin de semana, con Uni\u00f3n Magdalena. El arquero de 24 a\u00f1os se encuentra a pr\u00e9stamo de Independiente desde julio y firm\u00f3 por un a\u00f1o. No lleg\u00f3 a debutar en su cesi\u00f3n y a\u00fan tiene contrato hasta diciembre de 2026 con el Rojo. \u00bfSer\u00e1 uno [&hellip;]<\/p>\n","protected":false},"author":101048,"featured_media":127439,"comment_status":"open","ping_status":"closed","sticky":false,"template":"","format":"standard","meta":{"_links_to":"","_links_to_target":""},"categories":[3297,3247],"tags":[153,4158,5855],"_links":{"self":[{"href":"https:\/\/www.locoxelrojo.com\/independiente\/wp-json\/wp\/v2\/posts\/127438"}],"collection":[{"href":"https:\/\/www.locoxelrojo.com\/independiente\/wp-json\/wp\/v2\/posts"}],"about":[{"href":"https:\/\/www.locoxelrojo.com\/independiente\/wp-json\/wp\/v2\/types\/post"}],"author":[{"embeddable":true,"href":"https:\/\/www.locoxelrojo.com\/independiente\/wp-json\/wp\/v2\/users\/101048"}],"replies":[{"embeddable":true,"href":"https:\/\/www.locoxelrojo.com\/independiente\/wp-json\/wp\/v2\/comments?post=127438"}],"version-history":[{"count":1,"href":"https:\/\/www.locoxelrojo.com\/independiente\/wp-json\/wp\/v2\/posts\/127438\/revisions"}],"predecessor-version":[{"id":127440,"href":"https:\/\/www.locoxelrojo.com\/independiente\/wp-json\/wp\/v2\/posts\/127438\/revisions\/127440"}],"wp:featuredmedia":[{"embeddable":true,"href":"https:\/\/www.locoxelrojo.com\/independiente\/wp-json\/wp\/v2\/media\/127439"}],"wp:attachment":[{"href":"https:\/\/www.locoxelrojo.com\/independiente\/wp-json\/wp\/v2\/media?parent=127438"}],"wp:term":[{"taxonomy":"category","embeddable":true,"href":"https:\/\/www.locoxelrojo.com\/independiente\/wp-json\/wp\/v2\/categories?post=127438"},{"taxonomy":"post_tag","embeddable":true,"href":"https:\/\/www.locoxelrojo.com\/independiente\/wp-json\/wp\/v2\/tags?post=127438"}],"curies":[{"name":"wp","href":"https:\/\/api.w.org\/{rel}","templated":true}]}}