{"id":127444,"date":"2025-10-30T18:05:35","date_gmt":"2025-10-30T21:05:35","guid":{"rendered":"https:\/\/www.locoxelrojo.com\/independiente\/?p=127444"},"modified":"2025-10-30T18:05:35","modified_gmt":"2025-10-30T21:05:35","slug":"quieren-a-bochini-de-manager","status":"publish","type":"post","link":"https:\/\/www.locoxelrojo.com\/independiente\/2025\/10\/30\/quieren-a-bochini-de-manager\/","title":{"rendered":"\u00bfQuieren a Bochini de Manager?"},"content":{"rendered":"<p><strong>Ricardo Enrique Bochini, m\u00e1ximo \u00eddolo de Independiente, es el nombre que una parte de la Comisi\u00f3n Directiva intenta cerrar como Manager del club. <\/strong><\/p>\n<p>Hoy en d\u00eda las aguas entre los dirigentes est\u00e1n divididas. <strong>Una parte responde a N\u00e9stor Grindetti. La otra al secretario general Daniel Seoane. La crisis institucional y futbol\u00edstica profundiz\u00f3 m\u00e1s la interna.<\/strong> A falta de poco m\u00e1s de un a\u00f1o para las elecciones ambos grupos saben que tienen que mejorar lo hecho hasta ahora, porque de lo contrario la gesti\u00f3n estar\u00e1 terminada.<\/p>\n<p>En las \u00faltimas horas la figura de Bochini sum\u00f3 un cap\u00edtulo m\u00e1s a la interna. <strong>Dos directivos se reunieron con el 10 para ofrecerle incorporarse como manager. La idea al Bocha le gust\u00f3, hace tiempo quiere ayudar de alguna manera al club, pero con poder de decisi\u00f3n<\/strong>. Desde su entorno son cautos, saben que Seoane es una de las personas m\u00e1s cuestionadas por los hinchas en las \u00faltimas semanas y sospechan que puede ser un acto desesperado para ganar un poco de aceptaci\u00f3n y calmar las aguas.<\/p>\n<p>Grindetti actualmente se encuentra de viaje en Alemania, pero <strong>su idea y la del grupo de dirigentes m\u00e1s cercanos es mantener la estructura del f\u00fatbol tal cu\u00e1l est\u00e1 ahora<\/strong>, con una secretar\u00eda t\u00e9cnica a cargo de Diego Colotto secundado por Alejandro Tocalli.<\/p>\n<p><strong>Por el momento son charlas e intensiones, habr\u00e1 que ver como avanza el tema las pr\u00f3ximas semanas.<\/strong> Se acerca el final de la temporada y las decisiones a tomar son muchas dentro del f\u00fatbol profesional.<\/p>\n","protected":false},"excerpt":{"rendered":"<p>Ricardo Enrique Bochini, m\u00e1ximo \u00eddolo de Independiente, es el nombre que una parte de la Comisi\u00f3n Directiva intenta cerrar como Manager del club. Hoy en d\u00eda las aguas entre los dirigentes est\u00e1n divididas. Una parte responde a N\u00e9stor Grindetti. La otra al secretario general Daniel Seoane. La crisis institucional y futbol\u00edstica profundiz\u00f3 m\u00e1s la interna. [&hellip;]<\/p>\n","protected":false},"author":1,"featured_media":120092,"comment_status":"open","ping_status":"closed","sticky":false,"template":"","format":"standard","meta":{"_links_to":"","_links_to_target":""},"categories":[3280,3247],"tags":[153,1793,1455,58],"_links":{"self":[{"href":"https:\/\/www.locoxelrojo.com\/independiente\/wp-json\/wp\/v2\/posts\/127444"}],"collection":[{"href":"https:\/\/www.locoxelrojo.com\/independiente\/wp-json\/wp\/v2\/posts"}],"about":[{"href":"https:\/\/www.locoxelrojo.com\/independiente\/wp-json\/wp\/v2\/types\/post"}],"author":[{"embeddable":true,"href":"https:\/\/www.locoxelrojo.com\/independiente\/wp-json\/wp\/v2\/users\/1"}],"replies":[{"embeddable":true,"href":"https:\/\/www.locoxelrojo.com\/independiente\/wp-json\/wp\/v2\/comments?post=127444"}],"version-history":[{"count":1,"href":"https:\/\/www.locoxelrojo.com\/independiente\/wp-json\/wp\/v2\/posts\/127444\/revisions"}],"predecessor-version":[{"id":127445,"href":"https:\/\/www.locoxelrojo.com\/independiente\/wp-json\/wp\/v2\/posts\/127444\/revisions\/127445"}],"wp:featuredmedia":[{"embeddable":true,"href":"https:\/\/www.locoxelrojo.com\/independiente\/wp-json\/wp\/v2\/media\/120092"}],"wp:attachment":[{"href":"https:\/\/www.locoxelrojo.com\/independiente\/wp-json\/wp\/v2\/media?parent=127444"}],"wp:term":[{"taxonomy":"category","embeddable":true,"href":"https:\/\/www.locoxelrojo.com\/independiente\/wp-json\/wp\/v2\/categories?post=127444"},{"taxonomy":"post_tag","embeddable":true,"href":"https:\/\/www.locoxelrojo.com\/independiente\/wp-json\/wp\/v2\/tags?post=127444"}],"curies":[{"name":"wp","href":"https:\/\/api.w.org\/{rel}","templated":true}]}}