{"id":127465,"date":"2025-10-31T17:01:13","date_gmt":"2025-10-31T20:01:13","guid":{"rendered":"https:\/\/www.locoxelrojo.com\/independiente\/?p=127465"},"modified":"2025-10-31T17:01:13","modified_gmt":"2025-10-31T20:01:13","slug":"fedorco-independiente-me-cambio-la-carrera","status":"publish","type":"post","link":"https:\/\/www.locoxelrojo.com\/independiente\/2025\/10\/31\/fedorco-independiente-me-cambio-la-carrera\/","title":{"rendered":"Fedorco: &#8220;Independiente me cambi\u00f3 la carrera&#8221;"},"content":{"rendered":"<p><strong>Juan Manuel Fedorco <\/strong>se refiri\u00f3 a su futuro. Est\u00e1 a pr\u00e9stamo en Puebla de M\u00e9xico, pero a fin de a\u00f1o si no lo compran debe volver a Independiente.<\/p>\n<p>La actualidad del defensor de 24 a\u00f1os es muy buena. <strong>De <a href=\"https:\/\/www.locoxelrojo.com\/independiente\/2025\/10\/30\/tasso-descendio-con-union-magdalena\/\">los jugadores que salieron a buscar minutos a otros clubes<\/a>, es de los que mejor est\u00e1 rindiendo: titular y capit\u00e1n.<\/strong><\/p>\n<p><strong>&#8220;A mi Independiente me cambi\u00f3 la carrera. Yo era un jugador del ascenso y despu\u00e9s cambi\u00f3 todo. Llegar a ese vestuario, con l\u00edderes como Rodrigo Rey y Federico Mancuello, te cambia desde la alimentaci\u00f3n a lo que haces durante todo el d\u00eda. Fue un grupo bueno y humilde, que cumpli\u00f3 con el objetivo que ten\u00eda&#8221;<\/strong>, record\u00f3.<\/p>\n<p><strong>&#8220;Cuando llegu\u00e9 la idea era ir paulatinamente, pero por diferentes circunstancias me toc\u00f3 jugar apenas llegu\u00e9. Me gan\u00e9 un lugar, y estaba bien. Con Carlos Tevez jugu\u00e9 bastante, con Julio Vaccari menos. Despu\u00e9s lleg\u00f3 Kevin (Lom\u00f3naco), que es un fen\u00f3meno y lo quiero mucho&#8221;<\/strong>, explic\u00f3. <strong>&#8220;Julio me dijo que mi lugar en el plantel estaba, por mi edad, por lo que creo que puedo dar y por el momento que estaba viviendo, le dije que quer\u00eda estar en Independiente, pero si ven\u00eda algo que me sirviera, quer\u00eda irme. El llamado de Pablo Guede fue muy importante, fue una buena decisi\u00f3n y solo m\u00eda&#8221;<\/strong>, aclar\u00f3.<\/p>\n<p><strong>&#8220;Ac\u00e1 me adapt\u00e9 r\u00e1pido, Puebla es un club en construcci\u00f3n y me hicieron sentir muy c\u00f3modo e importante desde el primer d\u00eda. La capitan\u00eda no es f\u00e1cil, menos en este pa\u00eds que tiene otra cultura. Yo vivo el f\u00fatbol las 24 horas y soy muy profesional. Fue llevar eso al vestuario. No quer\u00eda, pero me lo pidieron y me hice cargo&#8221;<\/strong>, cont\u00f3.<\/p>\n<p>La opci\u00f3n de compra es de 1.400.000 d\u00f3lares. Si Puebla lo quiere deber\u00e1 desembolsar esa cifra. De lo contrario tendr\u00e1 que pegar la vuelta. <strong>&#8220;No s\u00e9 qu\u00e9 va a pasar con mi futuro. Si seguir\u00e9 en Puebla o volver\u00e9. Eso lo van a manejar los dirigentes. Quedan dos partidos y se viene el final el campeonato&#8221;<\/strong>, expres\u00f3, en di\u00e1logo con De la Cuna al Infierno.<\/p>\n<p><strong>&#8220;Miro todos los partidos de Independiente, siempre intento tirar buena energ\u00eda y estoy en contacto con muchos. Le tengo un gran cari\u00f1o al club, quiero lo mejor, sea de la forma que sea. Ojal\u00e1 que terminen bien y a fin de a\u00f1o se resolver\u00e1 como se tenga que resolver, ya no depende mucho de m\u00ed&#8221;<\/strong>, cerr\u00f3.<\/p>\n","protected":false},"excerpt":{"rendered":"<p>Juan Manuel Fedorco se refiri\u00f3 a su futuro. Est\u00e1 a pr\u00e9stamo en Puebla de M\u00e9xico, pero a fin de a\u00f1o si no lo compran debe volver a Independiente. La actualidad del defensor de 24 a\u00f1os es muy buena. De los jugadores que salieron a buscar minutos a otros clubes, es de los que mejor est\u00e1 [&hellip;]<\/p>\n","protected":false},"author":1,"featured_media":127467,"comment_status":"open","ping_status":"closed","sticky":false,"template":"","format":"standard","meta":{"_links_to":"","_links_to_target":""},"categories":[3297,3247],"tags":[153,5566,4608],"_links":{"self":[{"href":"https:\/\/www.locoxelrojo.com\/independiente\/wp-json\/wp\/v2\/posts\/127465"}],"collection":[{"href":"https:\/\/www.locoxelrojo.com\/independiente\/wp-json\/wp\/v2\/posts"}],"about":[{"href":"https:\/\/www.locoxelrojo.com\/independiente\/wp-json\/wp\/v2\/types\/post"}],"author":[{"embeddable":true,"href":"https:\/\/www.locoxelrojo.com\/independiente\/wp-json\/wp\/v2\/users\/1"}],"replies":[{"embeddable":true,"href":"https:\/\/www.locoxelrojo.com\/independiente\/wp-json\/wp\/v2\/comments?post=127465"}],"version-history":[{"count":1,"href":"https:\/\/www.locoxelrojo.com\/independiente\/wp-json\/wp\/v2\/posts\/127465\/revisions"}],"predecessor-version":[{"id":127466,"href":"https:\/\/www.locoxelrojo.com\/independiente\/wp-json\/wp\/v2\/posts\/127465\/revisions\/127466"}],"wp:featuredmedia":[{"embeddable":true,"href":"https:\/\/www.locoxelrojo.com\/independiente\/wp-json\/wp\/v2\/media\/127467"}],"wp:attachment":[{"href":"https:\/\/www.locoxelrojo.com\/independiente\/wp-json\/wp\/v2\/media?parent=127465"}],"wp:term":[{"taxonomy":"category","embeddable":true,"href":"https:\/\/www.locoxelrojo.com\/independiente\/wp-json\/wp\/v2\/categories?post=127465"},{"taxonomy":"post_tag","embeddable":true,"href":"https:\/\/www.locoxelrojo.com\/independiente\/wp-json\/wp\/v2\/tags?post=127465"}],"curies":[{"name":"wp","href":"https:\/\/api.w.org\/{rel}","templated":true}]}}