{"id":127471,"date":"2025-10-31T22:05:01","date_gmt":"2025-11-01T01:05:01","guid":{"rendered":"https:\/\/www.locoxelrojo.com\/independiente\/?p=127471"},"modified":"2025-11-01T01:13:22","modified_gmt":"2025-11-01T04:13:22","slug":"concentrados-vs-atletico-tucuman-sin-galdames","status":"publish","type":"post","link":"https:\/\/www.locoxelrojo.com\/independiente\/2025\/10\/31\/concentrados-vs-atletico-tucuman-sin-galdames\/","title":{"rendered":"Concentrados vs. Atl\u00e9tico Tucum\u00e1n: sin Galdames"},"content":{"rendered":"<p>Independiente recibe a Atl\u00e9tico Tucum\u00e1n este s\u00e1bado a las 20 en el estadio Libertadores de Am\u00e9rica &#8211; Ricardo Enrique Bochini, por la fecha 14 del Torneo Clausura. <strong>Gustavo Quinteros cit\u00f3 a 24 futbolistas.<\/strong><\/p>\n<p>Quinteros tom\u00f3 una decisi\u00f3n importante:<strong> dejar afuera a Pablo Galdames<\/strong>, una pieza importante para el grupo. <strong>A pesar de que trascendi\u00f3 una posible fatiga muscular, resolvi\u00f3 no concentrarlo<\/strong>.<\/p>\n<p>Por otro lado, <strong>Federico Vera vuelve tras superar su desgarro<\/strong>. Adem\u00e1s, el entrenador volvi\u00f3 a confiar en los juveniles <strong>Mateo P\u00e9rez Curci, Enzo Taborda y Josias Palais<\/strong>, que se mantienen en la lista.<\/p>\n<h3>Los concentrados:<\/h3>\n<p><strong>Arqueros:<\/strong> Joaqu\u00edn Blazquez y Rodrigo Rey.<\/p>\n<p><strong>Defensores:<\/strong> Federico Vera, Nicol\u00e1s Freire, Facundo Zabala, Kevin Lom\u00f3naco, Leonardo Godoy, Sebasti\u00e1n Vald\u00e9z y Jonathan De Irastorza.<\/p>\n<p><strong>Volantes:<\/strong> Felipe Loyola, Luciano Cabral, Federico Mancuello, Lautaro Mill\u00e1n, Rodrigo Fern\u00e1ndez Cedr\u00e9s, Iv\u00e1n Marcone y Mateo P\u00e9rez Curci.<\/p>\n<p><strong>Delanteros:<\/strong> Santiago Montiel, Gabriel \u00c1valos, Walter Mazzantti, Mat\u00edas Abaldo, Ignacio Pussetto, Diego Tarzia, Enzo Taborda y Josias Palais.<\/p>\n","protected":false},"excerpt":{"rendered":"<p>Independiente recibe a Atl\u00e9tico Tucum\u00e1n este s\u00e1bado a las 20 en el estadio Libertadores de Am\u00e9rica &#8211; Ricardo Enrique Bochini, por la fecha 14 del Torneo Clausura. Gustavo Quinteros cit\u00f3 a 24 futbolistas. Quinteros tom\u00f3 una decisi\u00f3n importante: dejar afuera a Pablo Galdames, una pieza importante para el grupo. A pesar de que trascendi\u00f3 una [&hellip;]<\/p>\n","protected":false},"author":101039,"featured_media":127472,"comment_status":"open","ping_status":"closed","sticky":false,"template":"","format":"standard","meta":{"_links_to":"","_links_to_target":""},"categories":[3247,3],"tags":[153,3077,5567,5267,4918,5735],"_links":{"self":[{"href":"https:\/\/www.locoxelrojo.com\/independiente\/wp-json\/wp\/v2\/posts\/127471"}],"collection":[{"href":"https:\/\/www.locoxelrojo.com\/independiente\/wp-json\/wp\/v2\/posts"}],"about":[{"href":"https:\/\/www.locoxelrojo.com\/independiente\/wp-json\/wp\/v2\/types\/post"}],"author":[{"embeddable":true,"href":"https:\/\/www.locoxelrojo.com\/independiente\/wp-json\/wp\/v2\/users\/101039"}],"replies":[{"embeddable":true,"href":"https:\/\/www.locoxelrojo.com\/independiente\/wp-json\/wp\/v2\/comments?post=127471"}],"version-history":[{"count":1,"href":"https:\/\/www.locoxelrojo.com\/independiente\/wp-json\/wp\/v2\/posts\/127471\/revisions"}],"predecessor-version":[{"id":127473,"href":"https:\/\/www.locoxelrojo.com\/independiente\/wp-json\/wp\/v2\/posts\/127471\/revisions\/127473"}],"wp:featuredmedia":[{"embeddable":true,"href":"https:\/\/www.locoxelrojo.com\/independiente\/wp-json\/wp\/v2\/media\/127472"}],"wp:attachment":[{"href":"https:\/\/www.locoxelrojo.com\/independiente\/wp-json\/wp\/v2\/media?parent=127471"}],"wp:term":[{"taxonomy":"category","embeddable":true,"href":"https:\/\/www.locoxelrojo.com\/independiente\/wp-json\/wp\/v2\/categories?post=127471"},{"taxonomy":"post_tag","embeddable":true,"href":"https:\/\/www.locoxelrojo.com\/independiente\/wp-json\/wp\/v2\/tags?post=127471"}],"curies":[{"name":"wp","href":"https:\/\/api.w.org\/{rel}","templated":true}]}}