{"id":127757,"date":"2025-11-20T20:24:24","date_gmt":"2025-11-20T23:24:24","guid":{"rendered":"https:\/\/www.locoxelrojo.com\/independiente\/?p=127757"},"modified":"2025-11-20T20:24:24","modified_gmt":"2025-11-20T23:24:24","slug":"independiente-volvio-a-los-entrenamientos","status":"publish","type":"post","link":"https:\/\/www.locoxelrojo.com\/independiente\/2025\/11\/20\/independiente-volvio-a-los-entrenamientos\/","title":{"rendered":"Independiente volvi\u00f3 a los entrenamientos"},"content":{"rendered":"<p><strong>Independiente regres\u00f3 a los entrenamientos luego de unos d\u00edas libres que otorg\u00f3 Gustavo Quinteros.<\/strong><\/p>\n<p>Despu\u00e9s de obtener una victoria clave frente a Rosario Central, el plantel retom\u00f3 este jueves las pr\u00e1cticas en Villa Dom\u00ednico. <strong>Con el cierre de la competencia oficial, la decisi\u00f3n del cuerpo t\u00e9cnico fue otorgarle al grupo unos d\u00edas de descanso.<\/strong><\/p>\n<p>Ahora, <strong>los futbolistas trabajar\u00e1n de manera ininterrumpida hasta el 5 de diciembre, fecha en la que comenzar\u00e1 el per\u00edodo de vacaciones.<\/strong> Hasta entonces, Quinteros aprovechar\u00e1 cada jornada para realizar evaluaciones individuales y colectivas, con el objetivo de <strong>terminar de delinear la conformaci\u00f3n del plantel 2026<\/strong>. Charlas con los jugadores, revisar rendimientos, situaciones contractuales de los que tienen que regresar de sus pr\u00e9stamos y mirar juveniles, pensando en la pr\u00f3xima temporada.<\/p>\n<p>Todav\u00eda <strong>esperando el regreso de Felipe Loyola y Lautaro Mill\u00e1n<\/strong>, quienes tuvieron compromisos con la Selecci\u00f3n de Chile.<\/p>\n<p>En esta etapa final del a\u00f1o, <strong>Quinteros buscar\u00e1 afianzar conceptos, sostener la intensidad del equipo y obtener un diagn\u00f3stico completo para comenzar el pr\u00f3ximo ciclo competitivo con una base s\u00f3lida y definida<\/strong>.<\/p>\n","protected":false},"excerpt":{"rendered":"<p>Independiente regres\u00f3 a los entrenamientos luego de unos d\u00edas libres que otorg\u00f3 Gustavo Quinteros. Despu\u00e9s de obtener una victoria clave frente a Rosario Central, el plantel retom\u00f3 este jueves las pr\u00e1cticas en Villa Dom\u00ednico. Con el cierre de la competencia oficial, la decisi\u00f3n del cuerpo t\u00e9cnico fue otorgarle al grupo unos d\u00edas de descanso. Ahora, [&hellip;]<\/p>\n","protected":false},"author":101044,"featured_media":127758,"comment_status":"open","ping_status":"closed","sticky":false,"template":"","format":"standard","meta":{"_links_to":"","_links_to_target":""},"categories":[3247,3],"tags":[153,26,5267,172],"_links":{"self":[{"href":"https:\/\/www.locoxelrojo.com\/independiente\/wp-json\/wp\/v2\/posts\/127757"}],"collection":[{"href":"https:\/\/www.locoxelrojo.com\/independiente\/wp-json\/wp\/v2\/posts"}],"about":[{"href":"https:\/\/www.locoxelrojo.com\/independiente\/wp-json\/wp\/v2\/types\/post"}],"author":[{"embeddable":true,"href":"https:\/\/www.locoxelrojo.com\/independiente\/wp-json\/wp\/v2\/users\/101044"}],"replies":[{"embeddable":true,"href":"https:\/\/www.locoxelrojo.com\/independiente\/wp-json\/wp\/v2\/comments?post=127757"}],"version-history":[{"count":1,"href":"https:\/\/www.locoxelrojo.com\/independiente\/wp-json\/wp\/v2\/posts\/127757\/revisions"}],"predecessor-version":[{"id":127759,"href":"https:\/\/www.locoxelrojo.com\/independiente\/wp-json\/wp\/v2\/posts\/127757\/revisions\/127759"}],"wp:featuredmedia":[{"embeddable":true,"href":"https:\/\/www.locoxelrojo.com\/independiente\/wp-json\/wp\/v2\/media\/127758"}],"wp:attachment":[{"href":"https:\/\/www.locoxelrojo.com\/independiente\/wp-json\/wp\/v2\/media?parent=127757"}],"wp:term":[{"taxonomy":"category","embeddable":true,"href":"https:\/\/www.locoxelrojo.com\/independiente\/wp-json\/wp\/v2\/categories?post=127757"},{"taxonomy":"post_tag","embeddable":true,"href":"https:\/\/www.locoxelrojo.com\/independiente\/wp-json\/wp\/v2\/tags?post=127757"}],"curies":[{"name":"wp","href":"https:\/\/api.w.org\/{rel}","templated":true}]}}