{"id":127954,"date":"2025-12-11T21:19:51","date_gmt":"2025-12-12T00:19:51","guid":{"rendered":"https:\/\/www.locoxelrojo.com\/independiente\/?p=127954"},"modified":"2025-12-11T21:19:51","modified_gmt":"2025-12-12T00:19:51","slug":"dibu-martinez-ve-muy-lejos-su-vuelta-a-independiente","status":"publish","type":"post","link":"https:\/\/www.locoxelrojo.com\/independiente\/2025\/12\/11\/dibu-martinez-ve-muy-lejos-su-vuelta-a-independiente\/","title":{"rendered":"Dibu Mart\u00ednez ve muy lejos su vuelta a Independiente"},"content":{"rendered":"<p><strong>Emiliano Mart\u00ednez se refiri\u00f3 a una hipot\u00e9tica vuelta a Independiente y fue contundente con su respuesta.<\/strong><\/p>\n<p><strong>&#8220;Obviamente siempre me gust\u00f3 la idea de jugar en Independiente, pero lo veo lejos. Tengo todav\u00eda dos a\u00f1os de contrato, estoy en el Mundial, estoy en mi mejor momento&#8221;<\/strong>, fueron las palabras del arquero y figura de la Selecci\u00f3n Argentina, en una extensa charla con DSports.<\/p>\n<p>Su foco hoy en d\u00eda esta puesto en lo que pase con el seleccionado de cara al Mundial 2026 y poder continuar atajando un tiempo m\u00e1s en el f\u00fatbol europeo. <strong>&#8220;\u00bfSi lo eval\u00fao en el futuro? Muy dif\u00edcil. Yo, si quiero volver, quer\u00eda volver bien, como estoy ahora. Creo que las \u00faltimas balas se van perdiendo&#8221;<\/strong>, a\u00f1adi\u00f3.<\/p>\n<p>Fue una declaraci\u00f3n sincera y realista. <strong>&#8220;La pr\u00f3xima liga en la que juegue ser\u00e1 decisi\u00f3n grupal, entre familia&#8221;<\/strong>, cerr\u00f3. Si hay hinchas ilusionados y ansiosos por ver en el arco del Rey de Copas al campe\u00f3n del Mundo van a tener que bajar las expectativas.<\/p>\n<blockquote class=\"twitter-tweet\" data-media-max-width=\"560\">\n<p dir=\"ltr\" lang=\"es\">&#8220;POR AHORA VEO LEJANO VOLVER A INDEPENDIENTE, AUNQUE ME GUSTAR\u00cdA&#8221;<\/p>\n<p> Dibu Mart\u00ednez, en EXCLUSIVA.<\/p>\n<p>\ufe0f <a href=\"https:\/\/twitter.com\/askomartin?ref_src=twsrc%5Etfw\">@askomartin<\/a> <a href=\"https:\/\/twitter.com\/hashtag\/DSPORTSNoticiasLite?src=hash&amp;ref_src=twsrc%5Etfw\">#DSPORTSNoticiasLite<\/a> <a href=\"https:\/\/t.co\/Fsbyojibaf\">pic.twitter.com\/Fsbyojibaf<\/a><\/p>\n<p>\u2014 DSPORTS (@DSports) <a href=\"https:\/\/twitter.com\/DSports\/status\/1999160842831659414?ref_src=twsrc%5Etfw\">December 11, 2025<\/a><\/p><\/blockquote>\n<p><script async src=\"https:\/\/platform.twitter.com\/widgets.js\" charset=\"utf-8\"><\/script><\/p>\n","protected":false},"excerpt":{"rendered":"<p>Emiliano Mart\u00ednez se refiri\u00f3 a una hipot\u00e9tica vuelta a Independiente y fue contundente con su respuesta. &#8220;Obviamente siempre me gust\u00f3 la idea de jugar en Independiente, pero lo veo lejos. Tengo todav\u00eda dos a\u00f1os de contrato, estoy en el Mundial, estoy en mi mejor momento&#8221;, fueron las palabras del arquero y figura de la Selecci\u00f3n [&hellip;]<\/p>\n","protected":false},"author":1,"featured_media":127955,"comment_status":"open","ping_status":"closed","sticky":false,"template":"","format":"standard","meta":{"_links_to":"","_links_to_target":""},"categories":[3280,3247],"tags":[153,814],"_links":{"self":[{"href":"https:\/\/www.locoxelrojo.com\/independiente\/wp-json\/wp\/v2\/posts\/127954"}],"collection":[{"href":"https:\/\/www.locoxelrojo.com\/independiente\/wp-json\/wp\/v2\/posts"}],"about":[{"href":"https:\/\/www.locoxelrojo.com\/independiente\/wp-json\/wp\/v2\/types\/post"}],"author":[{"embeddable":true,"href":"https:\/\/www.locoxelrojo.com\/independiente\/wp-json\/wp\/v2\/users\/1"}],"replies":[{"embeddable":true,"href":"https:\/\/www.locoxelrojo.com\/independiente\/wp-json\/wp\/v2\/comments?post=127954"}],"version-history":[{"count":1,"href":"https:\/\/www.locoxelrojo.com\/independiente\/wp-json\/wp\/v2\/posts\/127954\/revisions"}],"predecessor-version":[{"id":127956,"href":"https:\/\/www.locoxelrojo.com\/independiente\/wp-json\/wp\/v2\/posts\/127954\/revisions\/127956"}],"wp:featuredmedia":[{"embeddable":true,"href":"https:\/\/www.locoxelrojo.com\/independiente\/wp-json\/wp\/v2\/media\/127955"}],"wp:attachment":[{"href":"https:\/\/www.locoxelrojo.com\/independiente\/wp-json\/wp\/v2\/media?parent=127954"}],"wp:term":[{"taxonomy":"category","embeddable":true,"href":"https:\/\/www.locoxelrojo.com\/independiente\/wp-json\/wp\/v2\/categories?post=127954"},{"taxonomy":"post_tag","embeddable":true,"href":"https:\/\/www.locoxelrojo.com\/independiente\/wp-json\/wp\/v2\/tags?post=127954"}],"curies":[{"name":"wp","href":"https:\/\/api.w.org\/{rel}","templated":true}]}}