{"id":127957,"date":"2025-12-11T23:00:07","date_gmt":"2025-12-12T02:00:07","guid":{"rendered":"https:\/\/www.locoxelrojo.com\/independiente\/?p=127957"},"modified":"2025-12-11T23:16:15","modified_gmt":"2025-12-12T02:16:15","slug":"fixture-confirmado-para-la-temporada-2026","status":"publish","type":"post","link":"https:\/\/www.locoxelrojo.com\/independiente\/2025\/12\/11\/fixture-confirmado-para-la-temporada-2026\/","title":{"rendered":"Fixture confirmado para la temporada 2026"},"content":{"rendered":"<p><strong>Independiente ya tiene confirmado su calendario para disputar la temporada 2026.<\/strong><\/p>\n<p>El Rojo, a diferencia de este 2025, el pr\u00f3ximo a\u00f1o formar\u00e1 parte de la Zona A. <strong>Debutar\u00e1 el fin de semana del 25 de enero, en Avellaneda, frente a Estudiantes de La Plata.<\/strong> El primer partido en condici\u00f3n de visitante ser\u00e1 la fecha 2 en Rosario con Newell\u2019s.<\/p>\n<p>Haciendo foco en los cl\u00e1sicos, el equipo de Gustavo Quinteros los tendr\u00e1 en los \u00faltimos partidos. Primero <strong>visitar\u00e1 en el Pedro Bidegain a San Lorenzo en la fecha 9, el fin de semana del 8 de marzo<\/strong>. Luego, <strong>en el Libertadores de Am\u00e9rica &#8211; Ricardo Enrique Bochini, jugar\u00e1 con Racing en la jornada 13, el fin de semana del 5 de abril<\/strong>. Por \u00faltimo, <strong>enfrentar\u00e1 a Boca en La Bombonera, en la fecha 14<\/strong>.<\/p>\n<h3>El fixture completo:<\/h3>\n<ul>\n<li><strong>Fecha 1:<\/strong> Estudiantes de La Plata (L)<\/li>\n<li><strong>Fecha 2:<\/strong> Newell\u2019s (V)<\/li>\n<li><strong>Fecha 3:<\/strong> V\u00e9lez (L)<\/li>\n<li><strong>Fecha 4:<\/strong> Platense (V)<\/li>\n<li><strong>Fecha 5:<\/strong> Lan\u00fas (L)<\/li>\n<li><strong>Fecha 6:<\/strong> Independiente Rivadavia (V) -Interzonal-<\/li>\n<li><strong>Fecha 7:<\/strong> Gimnasia de Mendoza (V)<\/li>\n<li><strong>Fecha 8:<\/strong> Central C\u00f3rdoba (L)<\/li>\n<li><strong>Fecha 9:<\/strong> San Lorenzo (V)<\/li>\n<li><strong>Fecha 10:<\/strong> Uni\u00f3n (L)<\/li>\n<li><strong>Fecha 11:<\/strong> Instituto (V)<\/li>\n<li><strong>Fecha 12:<\/strong> Talleres (L)<\/li>\n<li><strong>Fecha 13:<\/strong> Racing (L) -Interzonal-<\/li>\n<li><strong>Fecha 14:<\/strong> Boca Juniors (V)<\/li>\n<li><strong>Fecha 15:<\/strong> Defensa y Justicia (L)<\/li>\n<li><strong>Fecha 16:<\/strong> Deportivo Riestra (V)<\/li>\n<\/ul>\n","protected":false},"excerpt":{"rendered":"<p>Independiente ya tiene confirmado su calendario para disputar la temporada 2026. El Rojo, a diferencia de este 2025, el pr\u00f3ximo a\u00f1o formar\u00e1 parte de la Zona A. Debutar\u00e1 el fin de semana del 25 de enero, en Avellaneda, frente a Estudiantes de La Plata. El primer partido en condici\u00f3n de visitante ser\u00e1 la fecha 2 [&hellip;]<\/p>\n","protected":false},"author":101050,"featured_media":127959,"comment_status":"open","ping_status":"closed","sticky":false,"template":"","format":"standard","meta":{"_links_to":"","_links_to_target":""},"categories":[3247,3],"tags":[153,4570,5910],"_links":{"self":[{"href":"https:\/\/www.locoxelrojo.com\/independiente\/wp-json\/wp\/v2\/posts\/127957"}],"collection":[{"href":"https:\/\/www.locoxelrojo.com\/independiente\/wp-json\/wp\/v2\/posts"}],"about":[{"href":"https:\/\/www.locoxelrojo.com\/independiente\/wp-json\/wp\/v2\/types\/post"}],"author":[{"embeddable":true,"href":"https:\/\/www.locoxelrojo.com\/independiente\/wp-json\/wp\/v2\/users\/101050"}],"replies":[{"embeddable":true,"href":"https:\/\/www.locoxelrojo.com\/independiente\/wp-json\/wp\/v2\/comments?post=127957"}],"version-history":[{"count":1,"href":"https:\/\/www.locoxelrojo.com\/independiente\/wp-json\/wp\/v2\/posts\/127957\/revisions"}],"predecessor-version":[{"id":127958,"href":"https:\/\/www.locoxelrojo.com\/independiente\/wp-json\/wp\/v2\/posts\/127957\/revisions\/127958"}],"wp:featuredmedia":[{"embeddable":true,"href":"https:\/\/www.locoxelrojo.com\/independiente\/wp-json\/wp\/v2\/media\/127959"}],"wp:attachment":[{"href":"https:\/\/www.locoxelrojo.com\/independiente\/wp-json\/wp\/v2\/media?parent=127957"}],"wp:term":[{"taxonomy":"category","embeddable":true,"href":"https:\/\/www.locoxelrojo.com\/independiente\/wp-json\/wp\/v2\/categories?post=127957"},{"taxonomy":"post_tag","embeddable":true,"href":"https:\/\/www.locoxelrojo.com\/independiente\/wp-json\/wp\/v2\/tags?post=127957"}],"curies":[{"name":"wp","href":"https:\/\/api.w.org\/{rel}","templated":true}]}}