{"id":128007,"date":"2025-12-16T15:42:38","date_gmt":"2025-12-16T18:42:38","guid":{"rendered":"https:\/\/www.locoxelrojo.com\/independiente\/?p=128007"},"modified":"2025-12-16T15:42:38","modified_gmt":"2025-12-16T18:42:38","slug":"quinteros-felicito-a-montiel-por-el-puskas","status":"publish","type":"post","link":"https:\/\/www.locoxelrojo.com\/independiente\/2025\/12\/16\/quinteros-felicito-a-montiel-por-el-puskas\/","title":{"rendered":"Quinteros felicit\u00f3 a Montiel por el Pusk\u00e1s"},"content":{"rendered":"<p><strong>Gustavo Quinteros felicit\u00f3 a Santiago Montiel por quedarse con el Premio Pusk\u00e1s y tuvo palabras de elogios para el delantero de Independiente. <\/strong><\/p>\n<p>A pesar del baj\u00f3n futbol\u00edstico generalizado que se dio en el segundo semestre, para Quinteros es clave tener a Montiel dentro del equipo. <strong>Fue determinante en los \u00faltimos partidos y uno de los abanderados de su ciclo.<\/strong><\/p>\n<p><a href=\"https:\/\/www.locoxelrojo.com\/independiente\/2025\/12\/16\/montiel-se-quedo-con-el-puskas\/\">Este martes la FIFA le entreg\u00f3 el premio al mejor gol de a\u00f1o<\/a>, <strong>por aquella chilena en el 1-0 frente a Independiente Rivadavia<\/strong>, en los 8vos de final del Torneo Apertura, todav\u00eda con Julio Vaccari en el banco de suplentes.<\/p>\n<p>Por eso, en di\u00e1logo con Dsports, el DT lo destac\u00f3: <strong>&#8220;Me pone muy contento el Pusk\u00e1s de Montiel. Es un chico muy importante para nosotros. Ojal\u00e1 lo podamos seguir teniendo por mucho tiempo&#8221;<\/strong>.<\/p>\n<p><strong>&#8220;Es de esos jugadores que aparecen en los partidos dif\u00edciles y lo dan todo con ese car\u00e1cter que tienen y esa garra&#8221;<\/strong>, cerr\u00f3.<\/p>\n","protected":false},"excerpt":{"rendered":"<p>Gustavo Quinteros felicit\u00f3 a Santiago Montiel por quedarse con el Premio Pusk\u00e1s y tuvo palabras de elogios para el delantero de Independiente. A pesar del baj\u00f3n futbol\u00edstico generalizado que se dio en el segundo semestre, para Quinteros es clave tener a Montiel dentro del equipo. Fue determinante en los \u00faltimos partidos y uno de los [&hellip;]<\/p>\n","protected":false},"author":1,"featured_media":128008,"comment_status":"open","ping_status":"closed","sticky":false,"template":"","format":"standard","meta":{"_links_to":"","_links_to_target":""},"categories":[3280,3247],"tags":[153,5905,5267,5680],"_links":{"self":[{"href":"https:\/\/www.locoxelrojo.com\/independiente\/wp-json\/wp\/v2\/posts\/128007"}],"collection":[{"href":"https:\/\/www.locoxelrojo.com\/independiente\/wp-json\/wp\/v2\/posts"}],"about":[{"href":"https:\/\/www.locoxelrojo.com\/independiente\/wp-json\/wp\/v2\/types\/post"}],"author":[{"embeddable":true,"href":"https:\/\/www.locoxelrojo.com\/independiente\/wp-json\/wp\/v2\/users\/1"}],"replies":[{"embeddable":true,"href":"https:\/\/www.locoxelrojo.com\/independiente\/wp-json\/wp\/v2\/comments?post=128007"}],"version-history":[{"count":1,"href":"https:\/\/www.locoxelrojo.com\/independiente\/wp-json\/wp\/v2\/posts\/128007\/revisions"}],"predecessor-version":[{"id":128009,"href":"https:\/\/www.locoxelrojo.com\/independiente\/wp-json\/wp\/v2\/posts\/128007\/revisions\/128009"}],"wp:featuredmedia":[{"embeddable":true,"href":"https:\/\/www.locoxelrojo.com\/independiente\/wp-json\/wp\/v2\/media\/128008"}],"wp:attachment":[{"href":"https:\/\/www.locoxelrojo.com\/independiente\/wp-json\/wp\/v2\/media?parent=128007"}],"wp:term":[{"taxonomy":"category","embeddable":true,"href":"https:\/\/www.locoxelrojo.com\/independiente\/wp-json\/wp\/v2\/categories?post=128007"},{"taxonomy":"post_tag","embeddable":true,"href":"https:\/\/www.locoxelrojo.com\/independiente\/wp-json\/wp\/v2\/tags?post=128007"}],"curies":[{"name":"wp","href":"https:\/\/api.w.org\/{rel}","templated":true}]}}