{"id":128016,"date":"2025-12-16T17:32:38","date_gmt":"2025-12-16T20:32:38","guid":{"rendered":"https:\/\/www.locoxelrojo.com\/independiente\/?p=128016"},"modified":"2025-12-16T17:35:48","modified_gmt":"2025-12-16T20:35:48","slug":"la-charla-entre-quinteros-y-lomonaco","status":"publish","type":"post","link":"https:\/\/www.locoxelrojo.com\/independiente\/2025\/12\/16\/la-charla-entre-quinteros-y-lomonaco\/","title":{"rendered":"La charla entre Quinteros y Lom\u00f3naco"},"content":{"rendered":"<p><strong>Gustavo Quinteros cont\u00f3 una charla que tuvo con Kevin Lom\u00f3naco y su futuro en Independiente.<\/strong><\/p>\n<p>Ante tantos rumores de una posible salida de Lom\u00f3naco, <strong>el entrenador del Rojo habl\u00f3 en DSports Radio y aclar\u00f3 como esta el panorama<\/strong>. Al defensor de 23 a\u00f1os lo busc\u00f3 el Le\u00f3n de M\u00e9xico pero el Rojo consider\u00f3 insuficiente la oferta.<\/p>\n<p>Lom\u00f3naco tiene un contrato vigente con el Rey de Copas, el cual se le vence el 31 de diciembre del 2028, pero <strong>para los dirigentes es la carta principal de venta en este mercado de pases<\/strong>. Su posible salida podr\u00eda resolver muchos compromisos que Independiente tiene que pagar en el futuro y afrontar la llegada de refuerzos.<\/p>\n<p>Sin embargo, Quinteros quiere contar con \u00e9l. <strong>&#8220;Lom\u00f3naco me dijo en la \u00faltima charla que iba a quedarse, pero si llega algo importante en el mercado podr\u00eda irse&#8221;<\/strong>, expres\u00f3. <strong>&#8220;Le gusta estar en Independiente, pero hay que entender si llega alguna oferta que le cambie el futuro&#8221;<\/strong>, agreg\u00f3.<\/p>\n<p>Irse a M\u00e9xico no es un destino que le atraiga, su entorno le est\u00e1 buscando club, pero por el momento no apareci\u00f3 un comprador. <strong>En el 2025 disput\u00f3 44 partidos, 1 asistencia y sum\u00f3 3.862 minutos.<\/strong><\/p>\n","protected":false},"excerpt":{"rendered":"<p>Gustavo Quinteros cont\u00f3 una charla que tuvo con Kevin Lom\u00f3naco y su futuro en Independiente. Ante tantos rumores de una posible salida de Lom\u00f3naco, el entrenador del Rojo habl\u00f3 en DSports Radio y aclar\u00f3 como esta el panorama. Al defensor de 23 a\u00f1os lo busc\u00f3 el Le\u00f3n de M\u00e9xico pero el Rojo consider\u00f3 insuficiente la [&hellip;]<\/p>\n","protected":false},"author":101043,"featured_media":128017,"comment_status":"open","ping_status":"closed","sticky":false,"template":"","format":"standard","meta":{"_links_to":"","_links_to_target":""},"categories":[3247,3],"tags":[153,5267,5658],"_links":{"self":[{"href":"https:\/\/www.locoxelrojo.com\/independiente\/wp-json\/wp\/v2\/posts\/128016"}],"collection":[{"href":"https:\/\/www.locoxelrojo.com\/independiente\/wp-json\/wp\/v2\/posts"}],"about":[{"href":"https:\/\/www.locoxelrojo.com\/independiente\/wp-json\/wp\/v2\/types\/post"}],"author":[{"embeddable":true,"href":"https:\/\/www.locoxelrojo.com\/independiente\/wp-json\/wp\/v2\/users\/101043"}],"replies":[{"embeddable":true,"href":"https:\/\/www.locoxelrojo.com\/independiente\/wp-json\/wp\/v2\/comments?post=128016"}],"version-history":[{"count":2,"href":"https:\/\/www.locoxelrojo.com\/independiente\/wp-json\/wp\/v2\/posts\/128016\/revisions"}],"predecessor-version":[{"id":128019,"href":"https:\/\/www.locoxelrojo.com\/independiente\/wp-json\/wp\/v2\/posts\/128016\/revisions\/128019"}],"wp:featuredmedia":[{"embeddable":true,"href":"https:\/\/www.locoxelrojo.com\/independiente\/wp-json\/wp\/v2\/media\/128017"}],"wp:attachment":[{"href":"https:\/\/www.locoxelrojo.com\/independiente\/wp-json\/wp\/v2\/media?parent=128016"}],"wp:term":[{"taxonomy":"category","embeddable":true,"href":"https:\/\/www.locoxelrojo.com\/independiente\/wp-json\/wp\/v2\/categories?post=128016"},{"taxonomy":"post_tag","embeddable":true,"href":"https:\/\/www.locoxelrojo.com\/independiente\/wp-json\/wp\/v2\/tags?post=128016"}],"curies":[{"name":"wp","href":"https:\/\/api.w.org\/{rel}","templated":true}]}}