{"id":128023,"date":"2025-12-16T23:00:10","date_gmt":"2025-12-17T02:00:10","guid":{"rendered":"https:\/\/www.locoxelrojo.com\/independiente\/?p=128023"},"modified":"2025-12-17T00:19:54","modified_gmt":"2025-12-17T03:19:54","slug":"quinteros-el-objetivo-tan-deseado-es-ser-campeon-local","status":"publish","type":"post","link":"https:\/\/www.locoxelrojo.com\/independiente\/2025\/12\/16\/quinteros-el-objetivo-tan-deseado-es-ser-campeon-local\/","title":{"rendered":"Quinteros: &#8220;El objetivo tan deseado es ser campe\u00f3n local&#8221;"},"content":{"rendered":"<p><strong>Gustavo Quinteros habl\u00f3 en DSports Radio, entre varios temas, los objetivos de Independiente para el pr\u00f3ximo a\u00f1o.<\/strong><\/p>\n<p>Como viene siendo moneda corriente en las \u00faltimas entrevistas que brind\u00f3, el t\u00e9cnico del Rojo fue claro sobre cu\u00e1l es la meta a alcanzar en 2026. <strong>&#8220;El objetivo tan deseado es ser campe\u00f3n local&#8221;<\/strong>, coment\u00f3. Y sigui\u00f3: <strong>&#8220;Si nos enfocamos solamente en el torneo local se nos puede dar. Hay que jugar como equipo grande y cortar esa racha&#8221;<\/strong>.<\/p>\n<p>Adem\u00e1s, se refiri\u00f3 a c\u00f3mo fueron las primeras semanas al mando del plantel: <strong>&#8220;Nos llev\u00f3 m\u00e1s de un mes para que los jugadores empiecen a tomar confianza y convencerlos de que esta idea de juego es la mejor para Independiente. Lamentablemente, nos faltaron unos puntos para entrar a Sudamericana&#8221;<\/strong>.<\/p>\n<p>Por \u00faltimo, Quinteros mostr\u00f3 confianza en sus dirigidos de cara a lo que viene. <strong>&#8220;Confiaba de que estos jugadores, con las caracter\u00edsticas que tienen, pod\u00edan y pueden darle algo m\u00e1s a Independiente. La base est\u00e1, hay que seguir trabajando. Tengo mucha fe, hay un buen plantel. Ojal\u00e1 podamos fortalecer algunas posiciones&#8221;<\/strong>. A su vez, se explay\u00f3 acerca del rol que tendr\u00e1n los juveniles: <strong>&#8220;En Colo-Colo y V\u00e9lez fueron determinantes para conseguir t\u00edtulos. Vamos a tratar de ir incorpor\u00e1ndolos para que nos puedan ayudar&#8221;<\/strong>.<\/p>\n","protected":false},"excerpt":{"rendered":"<p>Gustavo Quinteros habl\u00f3 en DSports Radio, entre varios temas, los objetivos de Independiente para el pr\u00f3ximo a\u00f1o. Como viene siendo moneda corriente en las \u00faltimas entrevistas que brind\u00f3, el t\u00e9cnico del Rojo fue claro sobre cu\u00e1l es la meta a alcanzar en 2026. &#8220;El objetivo tan deseado es ser campe\u00f3n local&#8221;, coment\u00f3. Y sigui\u00f3: &#8220;Si [&hellip;]<\/p>\n","protected":false},"author":101038,"featured_media":128024,"comment_status":"open","ping_status":"closed","sticky":false,"template":"","format":"standard","meta":{"_links_to":"","_links_to_target":""},"categories":[3280,3247],"tags":[153,5267,5910],"_links":{"self":[{"href":"https:\/\/www.locoxelrojo.com\/independiente\/wp-json\/wp\/v2\/posts\/128023"}],"collection":[{"href":"https:\/\/www.locoxelrojo.com\/independiente\/wp-json\/wp\/v2\/posts"}],"about":[{"href":"https:\/\/www.locoxelrojo.com\/independiente\/wp-json\/wp\/v2\/types\/post"}],"author":[{"embeddable":true,"href":"https:\/\/www.locoxelrojo.com\/independiente\/wp-json\/wp\/v2\/users\/101038"}],"replies":[{"embeddable":true,"href":"https:\/\/www.locoxelrojo.com\/independiente\/wp-json\/wp\/v2\/comments?post=128023"}],"version-history":[{"count":1,"href":"https:\/\/www.locoxelrojo.com\/independiente\/wp-json\/wp\/v2\/posts\/128023\/revisions"}],"predecessor-version":[{"id":128025,"href":"https:\/\/www.locoxelrojo.com\/independiente\/wp-json\/wp\/v2\/posts\/128023\/revisions\/128025"}],"wp:featuredmedia":[{"embeddable":true,"href":"https:\/\/www.locoxelrojo.com\/independiente\/wp-json\/wp\/v2\/media\/128024"}],"wp:attachment":[{"href":"https:\/\/www.locoxelrojo.com\/independiente\/wp-json\/wp\/v2\/media?parent=128023"}],"wp:term":[{"taxonomy":"category","embeddable":true,"href":"https:\/\/www.locoxelrojo.com\/independiente\/wp-json\/wp\/v2\/categories?post=128023"},{"taxonomy":"post_tag","embeddable":true,"href":"https:\/\/www.locoxelrojo.com\/independiente\/wp-json\/wp\/v2\/tags?post=128023"}],"curies":[{"name":"wp","href":"https:\/\/api.w.org\/{rel}","templated":true}]}}