{"id":128040,"date":"2025-12-18T17:14:19","date_gmt":"2025-12-18T20:14:19","guid":{"rendered":"https:\/\/www.locoxelrojo.com\/independiente\/?p=128040"},"modified":"2025-12-18T17:14:19","modified_gmt":"2025-12-18T20:14:19","slug":"grindetti-sobre-el-fin-del-ciclo-vaccari-se-puso-nervioso","status":"publish","type":"post","link":"https:\/\/www.locoxelrojo.com\/independiente\/2025\/12\/18\/grindetti-sobre-el-fin-del-ciclo-vaccari-se-puso-nervioso\/","title":{"rendered":"Grindetti, sobre el fin del ciclo Vaccari: &#8220;Se puso nervioso&#8221;"},"content":{"rendered":"<p><strong>N\u00e9stor Grindetti cont\u00f3 sus sensaciones sobre c\u00f3mo fue el segundo semestre de Independiente y el final de Julio Vaccari como entrenador. <\/strong><\/p>\n<p>El presidente brind\u00f3 una extensa charla en TNT Sports donde entre otras cosas <strong>evalu\u00f3 lo que fue el 2025 para el Rojo<\/strong>, que tuvo un semestre agridulce y otro amargo.<\/p>\n<p><strong>&#8220;No clasificar a una copa internacional es un sabor amargo. Lo dulce es que tenemos cierta estabilidad econ\u00f3mica y financiera y mucho futuro en las Inferiores&#8221;<\/strong>, expres\u00f3. Y reconoci\u00f3 cu\u00e1l fue el gran golpe del a\u00f1o: <strong>&#8220;Tras la eliminaci\u00f3n con Hurac\u00e1n comenz\u00f3 un c\u00edrculo vicioso del que no pudimos salir&#8221;<\/strong>.<\/p>\n<p>En cuanto a esto, sorprendi\u00f3 con su punto de vista sobre el cierre del ciclo Vaccari. <strong>&#8220;Todos los refuerzos que trajimos fueron consensuados con \u00e9l. Not\u00e9 que a medida que los resultados no se nos daban, se puso nervioso&#8221;<\/strong>, cerr\u00f3.<\/p>\n","protected":false},"excerpt":{"rendered":"<p>N\u00e9stor Grindetti cont\u00f3 sus sensaciones sobre c\u00f3mo fue el segundo semestre de Independiente y el final de Julio Vaccari como entrenador. El presidente brind\u00f3 una extensa charla en TNT Sports donde entre otras cosas evalu\u00f3 lo que fue el 2025 para el Rojo, que tuvo un semestre agridulce y otro amargo. &#8220;No clasificar a una [&hellip;]<\/p>\n","protected":false},"author":1,"featured_media":124444,"comment_status":"open","ping_status":"closed","sticky":false,"template":"","format":"standard","meta":{"_links_to":"","_links_to_target":""},"categories":[3280,3247],"tags":[153,5633,1455],"_links":{"self":[{"href":"https:\/\/www.locoxelrojo.com\/independiente\/wp-json\/wp\/v2\/posts\/128040"}],"collection":[{"href":"https:\/\/www.locoxelrojo.com\/independiente\/wp-json\/wp\/v2\/posts"}],"about":[{"href":"https:\/\/www.locoxelrojo.com\/independiente\/wp-json\/wp\/v2\/types\/post"}],"author":[{"embeddable":true,"href":"https:\/\/www.locoxelrojo.com\/independiente\/wp-json\/wp\/v2\/users\/1"}],"replies":[{"embeddable":true,"href":"https:\/\/www.locoxelrojo.com\/independiente\/wp-json\/wp\/v2\/comments?post=128040"}],"version-history":[{"count":1,"href":"https:\/\/www.locoxelrojo.com\/independiente\/wp-json\/wp\/v2\/posts\/128040\/revisions"}],"predecessor-version":[{"id":128041,"href":"https:\/\/www.locoxelrojo.com\/independiente\/wp-json\/wp\/v2\/posts\/128040\/revisions\/128041"}],"wp:featuredmedia":[{"embeddable":true,"href":"https:\/\/www.locoxelrojo.com\/independiente\/wp-json\/wp\/v2\/media\/124444"}],"wp:attachment":[{"href":"https:\/\/www.locoxelrojo.com\/independiente\/wp-json\/wp\/v2\/media?parent=128040"}],"wp:term":[{"taxonomy":"category","embeddable":true,"href":"https:\/\/www.locoxelrojo.com\/independiente\/wp-json\/wp\/v2\/categories?post=128040"},{"taxonomy":"post_tag","embeddable":true,"href":"https:\/\/www.locoxelrojo.com\/independiente\/wp-json\/wp\/v2\/tags?post=128040"}],"curies":[{"name":"wp","href":"https:\/\/api.w.org\/{rel}","templated":true}]}}