{"id":128042,"date":"2025-12-18T17:44:51","date_gmt":"2025-12-18T20:44:51","guid":{"rendered":"https:\/\/www.locoxelrojo.com\/independiente\/?p=128042"},"modified":"2025-12-18T17:44:51","modified_gmt":"2025-12-18T20:44:51","slug":"caso-vallejo-grindetti-no-lo-pudo-explicar","status":"publish","type":"post","link":"https:\/\/www.locoxelrojo.com\/independiente\/2025\/12\/18\/caso-vallejo-grindetti-no-lo-pudo-explicar\/","title":{"rendered":"Caso Vallejo: Grindetti no lo pudo explicar"},"content":{"rendered":"<p><strong>N\u00e9stor Grindetti<\/strong> brind\u00f3 una extensa charla con TNT Sports donde <strong>reconoci\u00f3 no saber a\u00fan el motivo de la transferencia fallida de Nicol\u00e1s Vallejo al Liverpool de Uruguay.<\/strong><\/p>\n<p>Hace d\u00edas comenz\u00f3 a moverse lentamente el mercado de pases. Para Independiente, por la poca competencia que tendr\u00e1 y el largo plantel que le qued\u00f3, <strong>ser\u00e1n m\u00e1s salidas que refuerzos.<\/strong><\/p>\n<p>Pero cuando parec\u00eda que ten\u00eda la primera venta, la negociaci\u00f3n se cay\u00f3 en cuesti\u00f3n de horas. <a href=\"https:\/\/www.locoxelrojo.com\/independiente\/2025\/12\/16\/caido-lo-de-vallejo-a-liverpool\/\">Ya es un hecho que Vallejo no jugar\u00e1 en el Liverpool.<\/a> Posiblemente <a href=\"https:\/\/www.locoxelrojo.com\/independiente\/2025\/12\/17\/lo-vienen-a-comprar-desde-mexico\/\">su salida se de en condiciones similares al Le\u00f3n de M\u00e9xico<\/a>, <strong>club que pertenece al Grupo Pachuca con el cu\u00e1l Independiente tiene v\u00ednculos y varias operaciones ya concretadas.<\/strong><\/p>\n<p>Del lado del Liverpool dicen que el Rojo cambi\u00f3 las condiciones. En Avellaneda acusan al club uruguayo. <strong>Lo curioso es que el presidente mencion\u00f3 el tema y no encontr\u00f3 respuestas: &#8220;Lo de Vallejo yo dec\u00eda que no estaba firmado y todav\u00eda no s\u00e9 por qu\u00e9 se cay\u00f3 la operaci\u00f3n&#8221;.<\/strong><\/p>\n<blockquote class=\"twitter-tweet\" data-media-max-width=\"560\">\n<p dir=\"ltr\" lang=\"es\">&#8220;NO ES MOMENTO DE DEFINICIONES TAJANTES. EL LIBRO DE PASES SE CIERRA EN ENERO&#8221;<\/p>\n<p>&#8220;NO SE POR QU\u00c9 SE CAY\u00d3 LO DE VALLEJO&#8221;<\/p>\n<p>N\u00e9stor Grindetti se refiri\u00f3 a una posible venta de Kevin Lom\u00f3naco y al pase frustrado de Vallejo al Liverpool de Uruguay<a href=\"https:\/\/twitter.com\/hashtag\/PelotaParada?src=hash&amp;ref_src=twsrc%5Etfw\">#PelotaParada<\/a> <a href=\"https:\/\/t.co\/CTH08xwW6V\">pic.twitter.com\/CTH08xwW6V<\/a><\/p>\n<p>\u2014 TNT Sports Argentina (@TNTSportsAR) <a href=\"https:\/\/twitter.com\/TNTSportsAR\/status\/2001678528366936347?ref_src=twsrc%5Etfw\">December 18, 2025<\/a><\/p><\/blockquote>\n<p><script async src=\"https:\/\/platform.twitter.com\/widgets.js\" charset=\"utf-8\"><\/script><\/p>\n<p>Que la cabeza del club no sepa los motivos es bastante raro. <strong>Los socios y socias necesitan un poco m\u00e1s de transparencia y una comunicaci\u00f3n clara y sincera.<\/strong><\/p>\n","protected":false},"excerpt":{"rendered":"<p>N\u00e9stor Grindetti brind\u00f3 una extensa charla con TNT Sports donde reconoci\u00f3 no saber a\u00fan el motivo de la transferencia fallida de Nicol\u00e1s Vallejo al Liverpool de Uruguay. Hace d\u00edas comenz\u00f3 a moverse lentamente el mercado de pases. Para Independiente, por la poca competencia que tendr\u00e1 y el largo plantel que le qued\u00f3, ser\u00e1n m\u00e1s salidas [&hellip;]<\/p>\n","protected":false},"author":1,"featured_media":128043,"comment_status":"open","ping_status":"closed","sticky":false,"template":"","format":"standard","meta":{"_links_to":"","_links_to_target":""},"categories":[3280,3247],"tags":[153,3576,1455,5186],"_links":{"self":[{"href":"https:\/\/www.locoxelrojo.com\/independiente\/wp-json\/wp\/v2\/posts\/128042"}],"collection":[{"href":"https:\/\/www.locoxelrojo.com\/independiente\/wp-json\/wp\/v2\/posts"}],"about":[{"href":"https:\/\/www.locoxelrojo.com\/independiente\/wp-json\/wp\/v2\/types\/post"}],"author":[{"embeddable":true,"href":"https:\/\/www.locoxelrojo.com\/independiente\/wp-json\/wp\/v2\/users\/1"}],"replies":[{"embeddable":true,"href":"https:\/\/www.locoxelrojo.com\/independiente\/wp-json\/wp\/v2\/comments?post=128042"}],"version-history":[{"count":1,"href":"https:\/\/www.locoxelrojo.com\/independiente\/wp-json\/wp\/v2\/posts\/128042\/revisions"}],"predecessor-version":[{"id":128044,"href":"https:\/\/www.locoxelrojo.com\/independiente\/wp-json\/wp\/v2\/posts\/128042\/revisions\/128044"}],"wp:featuredmedia":[{"embeddable":true,"href":"https:\/\/www.locoxelrojo.com\/independiente\/wp-json\/wp\/v2\/media\/128043"}],"wp:attachment":[{"href":"https:\/\/www.locoxelrojo.com\/independiente\/wp-json\/wp\/v2\/media?parent=128042"}],"wp:term":[{"taxonomy":"category","embeddable":true,"href":"https:\/\/www.locoxelrojo.com\/independiente\/wp-json\/wp\/v2\/categories?post=128042"},{"taxonomy":"post_tag","embeddable":true,"href":"https:\/\/www.locoxelrojo.com\/independiente\/wp-json\/wp\/v2\/tags?post=128042"}],"curies":[{"name":"wp","href":"https:\/\/api.w.org\/{rel}","templated":true}]}}