{"id":12835,"date":"2011-11-19T23:54:28","date_gmt":"2011-11-20T01:54:28","guid":{"rendered":"http:\/\/www.locoxelrojo.com.ar\/independiente\/?p=12835"},"modified":"2011-11-20T02:52:21","modified_gmt":"2011-11-20T05:52:21","slug":"fredes-%e2%80%9cestuvimos-tranquilos-y-no-nos-apuramos-con-la-pelota%e2%80%9d","status":"publish","type":"post","link":"https:\/\/www.locoxelrojo.com\/independiente\/2011\/11\/19\/fredes-%e2%80%9cestuvimos-tranquilos-y-no-nos-apuramos-con-la-pelota%e2%80%9d\/","title":{"rendered":"Fredes: \u201cEstuvimos tranquilos y no nos apuramos con la pelota\u201d"},"content":{"rendered":"<p><a href=\"http:\/\/www.locoxelrojo.com.ar\/independiente\/wp-content\/uploads\/2011\/11\/Hernan_Fredes.jpg\"><img loading=\"lazy\" src=\"http:\/\/www.locoxelrojo.com.ar\/independiente\/wp-content\/uploads\/2011\/11\/Hernan_Fredes.jpg\" alt=\"\" title=\"Hernan_Fredes\" width=\"590\" height=\"315\" class=\"alignnone size-full wp-image-12850\" srcset=\"https:\/\/locoxelrojo.com\/independiente\/wp-content\/uploads\/2011\/11\/Hernan_Fredes.jpg 590w, https:\/\/locoxelrojo.com\/independiente\/wp-content\/uploads\/2011\/11\/Hernan_Fredes-300x160.jpg 300w\" sizes=\"(max-width: 590px) 100vw, 590px\" \/><\/a><\/p>\n<p>Despu\u00e9s de la goleada ante Olimpo, <strong>Hern\u00e1n Fredes dialog\u00f3 con LocoXelRojo<\/strong> y se mostr\u00f3 muy conforme con el rendimiento del equipo.<strong> \u201cHac\u00eda rato que no ten\u00edamos un partido as\u00ed, ganando de esta manera y terminando con mucha tranquilidad\u201d<\/strong>, manifest\u00f3 el mediocampista, quien ingres\u00f3 en el segundo tiempo en reemplazo de Fernando Godoy.<\/p>\n<p>Sobre el desarrollo del partido, Fredes consider\u00f3 que la tenencia del bal\u00f3n fue fundamental para mejorar el juego de los partidos anteriores. <strong>\u201cTuvimos varias situaciones por el hecho de que estuvimos tranquilos y no nos apuramos con la pelota, se manej\u00f3 un poco m\u00e1s. Eso es lo que hay que hacer m\u00e1s seguido<\/strong>\u201d, afirm\u00f3.<\/p>\n<p><strong>\u201cM\u00e1s que nada jugamos en el campo de ellos\u201d<\/strong>, coment\u00f3 el volante, para luego revelar que el mensaje de Ram\u00f3n D\u00edaz al preparar el choque ante Olimpo fue <strong>\u201ctener la pelota, no apurarnos y tratar de apretar a ellos en la salida\u201d<\/strong>. Consultado sobre la posible clasificaci\u00f3n a la Copa Libertadores 2012, sostuvo que el objetivo m\u00e1ximo del grupo es seguir sumando unidades:<strong> \u201cLa prioridad nuestra es terminar el torneo con la mayor cantidad de puntos posibles. Ojal\u00e1 sigamos de esta manera, ganando, y si es as\u00ed como se est\u00e1 dando, mejor\u201d. <\/strong><\/p>\n<p>Si bien jug\u00f3 s\u00f3lo 20 minutos, Hern\u00e1n Fredes fue part\u00edcipe del festejo masivo en el gol de Facundo Parra, a quien todos los jugadores abrazaron por haber convertido el tanto que cerr\u00f3 la goleada. <strong>\u201cSab\u00edamos todos que Facu no estaba derecho con el arco y se le pudo dar. Es una alegr\u00eda enorme para nosotros porque se lo merec\u00eda, \u00e9l las pelea todas\u201d<\/strong>, opin\u00f3. Finalmente, agreg\u00f3: <strong>\u201cEs un grupo unido, tenemos un plantel muy bueno. En lo humano y en lo personal es b\u00e1rbaro\u201d.<\/strong><\/p>\n","protected":false},"excerpt":{"rendered":"<p>Despu\u00e9s de la goleada ante Olimpo, Hern\u00e1n Fredes dialog\u00f3 con LocoXelRojo y se mostr\u00f3 muy conforme con el rendimiento del equipo. \u201cHac\u00eda rato que no ten\u00edamos un partido as\u00ed, ganando de esta manera y terminando con mucha tranquilidad\u201d, manifest\u00f3 el mediocampista, quien ingres\u00f3 en el segundo tiempo en reemplazo de Fernando Godoy. Sobre el desarrollo [&hellip;]<\/p>\n","protected":false},"author":8,"featured_media":0,"comment_status":"open","ping_status":"open","sticky":false,"template":"","format":"standard","meta":{"_links_to":"","_links_to_target":""},"categories":[3,1],"tags":[972,153,71,179],"_links":{"self":[{"href":"https:\/\/www.locoxelrojo.com\/independiente\/wp-json\/wp\/v2\/posts\/12835"}],"collection":[{"href":"https:\/\/www.locoxelrojo.com\/independiente\/wp-json\/wp\/v2\/posts"}],"about":[{"href":"https:\/\/www.locoxelrojo.com\/independiente\/wp-json\/wp\/v2\/types\/post"}],"author":[{"embeddable":true,"href":"https:\/\/www.locoxelrojo.com\/independiente\/wp-json\/wp\/v2\/users\/8"}],"replies":[{"embeddable":true,"href":"https:\/\/www.locoxelrojo.com\/independiente\/wp-json\/wp\/v2\/comments?post=12835"}],"version-history":[{"count":0,"href":"https:\/\/www.locoxelrojo.com\/independiente\/wp-json\/wp\/v2\/posts\/12835\/revisions"}],"wp:attachment":[{"href":"https:\/\/www.locoxelrojo.com\/independiente\/wp-json\/wp\/v2\/media?parent=12835"}],"wp:term":[{"taxonomy":"category","embeddable":true,"href":"https:\/\/www.locoxelrojo.com\/independiente\/wp-json\/wp\/v2\/categories?post=12835"},{"taxonomy":"post_tag","embeddable":true,"href":"https:\/\/www.locoxelrojo.com\/independiente\/wp-json\/wp\/v2\/tags?post=12835"}],"curies":[{"name":"wp","href":"https:\/\/api.w.org\/{rel}","templated":true}]}}