{"id":128582,"date":"2026-01-26T15:03:24","date_gmt":"2026-01-26T18:03:24","guid":{"rendered":"https:\/\/www.locoxelrojo.com\/independiente\/?p=128582"},"modified":"2026-01-26T15:03:24","modified_gmt":"2026-01-26T18:03:24","slug":"arias-es-el-segundo-refuerzo-de-independiente","status":"publish","type":"post","link":"https:\/\/www.locoxelrojo.com\/independiente\/2026\/01\/26\/arias-es-el-segundo-refuerzo-de-independiente\/","title":{"rendered":"Arias es el segundo refuerzo de Independiente"},"content":{"rendered":"<p><strong>Santiago Arias se convirti\u00f3 oficialmente en nuevo jugador de Independiente y es la segunda incorporaci\u00f3n del club en este mercado de pases.<\/strong><\/p>\n<p>Con sus 34 a\u00f1os reci\u00e9n cumplidos, <strong>el lateral derecho llega al Rojo en condici\u00f3n de libre<\/strong>, luego de su paso por Bah\u00eda de Brasil y de una extensa trayectoria en el f\u00fatbol europeo.<\/p>\n<blockquote class=\"twitter-tweet\">\n<p dir=\"ltr\" lang=\"es\">\u00a1Santiago Arias es jugador de <a href=\"https:\/\/twitter.com\/hashtag\/Independiente?src=hash&amp;ref_src=twsrc%5Etfw\">#Independiente<\/a>!<\/p>\n<p>El lateral colombiano, de \u00faltimo paso por Bah\u00eda de Brasil, llega en condici\u00f3n de jugador libre y firm\u00f3 su contrato hasta diciembre de 2027.<\/p>\n<p>\u00a1Bienvenido al Rey de Copas! <a href=\"https:\/\/twitter.com\/hashtag\/TodoRojo?src=hash&amp;ref_src=twsrc%5Etfw\">#TodoRojo<\/a> <a href=\"https:\/\/t.co\/HBYJoUcfgL\">pic.twitter.com\/HBYJoUcfgL<\/a><\/p>\n<p>\u2014 C. A. Independiente (@Independiente) <a href=\"https:\/\/twitter.com\/Independiente\/status\/2015828715221954837?ref_src=twsrc%5Etfw\">January 26, 2026<\/a><\/p><\/blockquote>\n<p><script async src=\"https:\/\/platform.twitter.com\/widgets.js\" charset=\"utf-8\"><\/script><\/p>\n<p><strong>Firm\u00f3 contrato por 2 a\u00f1os, hasta diciembre 2027<\/strong> y junto a Ignacio Malcorra es el segundo refuerzo con el que cuenta Gustavo Quinteros para este arranque del 2026.<\/p>\n<blockquote class=\"twitter-tweet\" data-media-max-width=\"560\">\n<p dir=\"ltr\" lang=\"es\">\u274c\ufe0f No me molesten. <a href=\"https:\/\/t.co\/AEoDZfeLwq\">pic.twitter.com\/AEoDZfeLwq<\/a><\/p>\n<p>\u2014 C. A. Independiente (@Independiente) <a href=\"https:\/\/twitter.com\/Independiente\/status\/2015825315491098902?ref_src=twsrc%5Etfw\">January 26, 2026<\/a><\/p><\/blockquote>\n<p><script async src=\"https:\/\/platform.twitter.com\/widgets.js\" charset=\"utf-8\"><\/script><\/p>\n<p>Arias estuvo dos temporadas en Bah\u00eda, donde jug\u00f3 bastante: <strong>disput\u00f3 73 partidos, convirti\u00f3 2 goles y 4 asistencias.<\/strong><\/p>\n<p>Este lunes por la madrugada arrib\u00f3 al pa\u00eds, <strong>se realiz\u00f3 la revisi\u00f3n m\u00e9dica y pas\u00f3 por el Libertadores de Am\u00e9rica &#8211; Ricardo Enrique Bochini para estampar la firma.<\/strong><\/p>\n<blockquote class=\"twitter-tweet\">\n<p dir=\"ltr\" lang=\"es\">\u00a1Firma en el LDA-REB!<a href=\"https:\/\/twitter.com\/hashtag\/TodoRojo?src=hash&amp;ref_src=twsrc%5Etfw\">#TodoRojo<\/a> <a href=\"https:\/\/t.co\/O2rAjyZqXa\">pic.twitter.com\/O2rAjyZqXa<\/a><\/p>\n<p>\u2014 C. A. Independiente (@Independiente) <a href=\"https:\/\/twitter.com\/Independiente\/status\/2015835312505700562?ref_src=twsrc%5Etfw\">January 26, 2026<\/a><\/p><\/blockquote>\n<p><script async src=\"https:\/\/platform.twitter.com\/widgets.js\" charset=\"utf-8\"><\/script><\/p>\n","protected":false},"excerpt":{"rendered":"<p>Santiago Arias se convirti\u00f3 oficialmente en nuevo jugador de Independiente y es la segunda incorporaci\u00f3n del club en este mercado de pases. Con sus 34 a\u00f1os reci\u00e9n cumplidos, el lateral derecho llega al Rojo en condici\u00f3n de libre, luego de su paso por Bah\u00eda de Brasil y de una extensa trayectoria en el f\u00fatbol europeo. [&hellip;]<\/p>\n","protected":false},"author":1,"featured_media":128584,"comment_status":"open","ping_status":"closed","sticky":false,"template":"","format":"standard","meta":{"_links_to":"","_links_to_target":""},"categories":[3247,3],"tags":[153,5937],"_links":{"self":[{"href":"https:\/\/www.locoxelrojo.com\/independiente\/wp-json\/wp\/v2\/posts\/128582"}],"collection":[{"href":"https:\/\/www.locoxelrojo.com\/independiente\/wp-json\/wp\/v2\/posts"}],"about":[{"href":"https:\/\/www.locoxelrojo.com\/independiente\/wp-json\/wp\/v2\/types\/post"}],"author":[{"embeddable":true,"href":"https:\/\/www.locoxelrojo.com\/independiente\/wp-json\/wp\/v2\/users\/1"}],"replies":[{"embeddable":true,"href":"https:\/\/www.locoxelrojo.com\/independiente\/wp-json\/wp\/v2\/comments?post=128582"}],"version-history":[{"count":2,"href":"https:\/\/www.locoxelrojo.com\/independiente\/wp-json\/wp\/v2\/posts\/128582\/revisions"}],"predecessor-version":[{"id":128585,"href":"https:\/\/www.locoxelrojo.com\/independiente\/wp-json\/wp\/v2\/posts\/128582\/revisions\/128585"}],"wp:featuredmedia":[{"embeddable":true,"href":"https:\/\/www.locoxelrojo.com\/independiente\/wp-json\/wp\/v2\/media\/128584"}],"wp:attachment":[{"href":"https:\/\/www.locoxelrojo.com\/independiente\/wp-json\/wp\/v2\/media?parent=128582"}],"wp:term":[{"taxonomy":"category","embeddable":true,"href":"https:\/\/www.locoxelrojo.com\/independiente\/wp-json\/wp\/v2\/categories?post=128582"},{"taxonomy":"post_tag","embeddable":true,"href":"https:\/\/www.locoxelrojo.com\/independiente\/wp-json\/wp\/v2\/tags?post=128582"}],"curies":[{"name":"wp","href":"https:\/\/api.w.org\/{rel}","templated":true}]}}