{"id":128586,"date":"2026-01-26T17:12:58","date_gmt":"2026-01-26T20:12:58","guid":{"rendered":"https:\/\/www.locoxelrojo.com\/independiente\/?p=128586"},"modified":"2026-01-26T17:12:58","modified_gmt":"2026-01-26T20:12:58","slug":"arias-voy-a-dejar-todo-por-este-equipo","status":"publish","type":"post","link":"https:\/\/www.locoxelrojo.com\/independiente\/2026\/01\/26\/arias-voy-a-dejar-todo-por-este-equipo\/","title":{"rendered":"Arias: \u201cVoy a dejar todo por este equipo\u201d"},"content":{"rendered":"<p><strong>Santiago Arias<\/strong> fue presentado como nuevo refuerzo de Independiente. Llega para potenciar la defensa.<\/p>\n<p>Arias se convirti\u00f3 este lunes en nuevo jugador del Rojo.<strong> Viene en condici\u00f3n de libre<\/strong>, luego de dos temporadas en Bah\u00eda de Brasil, pero con una extensa trayectoria en Europa. Al ser consultado sobre lo que lo motiv\u00f3 a sumarse al club, destac\u00f3: <strong>&#8220;Como el nombre lo dice, Rey de Copas, y la Liga argentina. Conozco bastante a Independiente y creo que podemos llegar a hacer cosas lindas este a\u00f1o&#8221;<\/strong>.<\/p>\n<p><strong>&#8220;El hincha se va a encontrar con un jugador que deja todo en el campo, que corre por sus compa\u00f1eros y se entrega por completo. Siempre tengo en mente ganar&#8221;<\/strong>, expres\u00f3.<\/p>\n<p>Por \u00faltimo, tuvo palabras para la gente: <strong>&#8220;Le agradezco al hincha la confianza y el apoyo. Voy a dejar todo por este equipo y por esta instituci\u00f3n desde el primer d\u00eda&#8221;<\/strong>.<\/p>\n<p>Ya <a href=\"https:\/\/www.locoxelrojo.com\/independiente\/2026\/01\/26\/arias-es-el-segundo-refuerzo-de-independiente\/\">firm\u00f3 su contrato por 2 a\u00f1os<\/a>, <strong>hasta diciembre del 2027<\/strong>.<\/p>\n","protected":false},"excerpt":{"rendered":"<p>Santiago Arias fue presentado como nuevo refuerzo de Independiente. Llega para potenciar la defensa. Arias se convirti\u00f3 este lunes en nuevo jugador del Rojo. Viene en condici\u00f3n de libre, luego de dos temporadas en Bah\u00eda de Brasil, pero con una extensa trayectoria en Europa. Al ser consultado sobre lo que lo motiv\u00f3 a sumarse al [&hellip;]<\/p>\n","protected":false},"author":101050,"featured_media":128588,"comment_status":"open","ping_status":"closed","sticky":false,"template":"","format":"standard","meta":{"_links_to":"","_links_to_target":""},"categories":[3247,3],"tags":[153,5937],"_links":{"self":[{"href":"https:\/\/www.locoxelrojo.com\/independiente\/wp-json\/wp\/v2\/posts\/128586"}],"collection":[{"href":"https:\/\/www.locoxelrojo.com\/independiente\/wp-json\/wp\/v2\/posts"}],"about":[{"href":"https:\/\/www.locoxelrojo.com\/independiente\/wp-json\/wp\/v2\/types\/post"}],"author":[{"embeddable":true,"href":"https:\/\/www.locoxelrojo.com\/independiente\/wp-json\/wp\/v2\/users\/101050"}],"replies":[{"embeddable":true,"href":"https:\/\/www.locoxelrojo.com\/independiente\/wp-json\/wp\/v2\/comments?post=128586"}],"version-history":[{"count":1,"href":"https:\/\/www.locoxelrojo.com\/independiente\/wp-json\/wp\/v2\/posts\/128586\/revisions"}],"predecessor-version":[{"id":128587,"href":"https:\/\/www.locoxelrojo.com\/independiente\/wp-json\/wp\/v2\/posts\/128586\/revisions\/128587"}],"wp:featuredmedia":[{"embeddable":true,"href":"https:\/\/www.locoxelrojo.com\/independiente\/wp-json\/wp\/v2\/media\/128588"}],"wp:attachment":[{"href":"https:\/\/www.locoxelrojo.com\/independiente\/wp-json\/wp\/v2\/media?parent=128586"}],"wp:term":[{"taxonomy":"category","embeddable":true,"href":"https:\/\/www.locoxelrojo.com\/independiente\/wp-json\/wp\/v2\/categories?post=128586"},{"taxonomy":"post_tag","embeddable":true,"href":"https:\/\/www.locoxelrojo.com\/independiente\/wp-json\/wp\/v2\/tags?post=128586"}],"curies":[{"name":"wp","href":"https:\/\/api.w.org\/{rel}","templated":true}]}}