{"id":128589,"date":"2026-01-26T14:30:21","date_gmt":"2026-01-26T17:30:21","guid":{"rendered":"https:\/\/www.locoxelrojo.com\/independiente\/?p=128589"},"modified":"2026-01-26T21:30:30","modified_gmt":"2026-01-27T00:30:30","slug":"salle-arranco-el-ano-de-titular-en-sarmiento","status":"publish","type":"post","link":"https:\/\/www.locoxelrojo.com\/independiente\/2026\/01\/26\/salle-arranco-el-ano-de-titular-en-sarmiento\/","title":{"rendered":"Salle arranc\u00f3 el a\u00f1o de titular en Sarmiento"},"content":{"rendered":"<p><strong>El 2026 comenz\u00f3 con movimiento para varios futbolistas de Independiente que se encuentran a pr\u00e9stamo.<\/strong> Algunos que estaban en la misma situaci\u00f3n en el 2025 volvieron, otros cambiaron de club o se fueron del Rojo.<\/p>\n<p><strong>Santiago Salle<\/strong> estuvo en el foco principal. <strong>Tuvo un arranque siendo titular y completando los 90 minutos con Sarmiento de Jun\u00edn, en la derrota 1-0 con Argentinos Juniors, en la primera fecha del Torneo Apertura.<\/strong><\/p>\n<p>En paralelo, otros jugadores del Rojo tambi\u00e9n sumaron minutos tanto en el \u00e1mbito local como en el exterior. A continuaci\u00f3n, <strong>el repaso uno por uno<\/strong>.<\/p>\n<p><strong>Felipe Loyola \u2013 Pisa (Italia):<\/strong> integr\u00f3 el banco de suplentes, aunque no ingres\u00f3 en el encuentro frente al Inter, que termin\u00f3 con derrota por 6-2 para su equipo. Ya tuvo su presentaci\u00f3n oficial, en un pr\u00e9stamo que podr\u00eda transformarse en venta definitiva cuando cumpla 5 partidos.<\/p>\n<p><strong>Enzo Taborda \u2013 Barracas Central:<\/strong> el Guapo cay\u00f3 por 1-0 ante River en el Estadio Claudio Tapia. En un tramo clave, cerca de los 37\u2019 del segundo tiempo, Taborda realiz\u00f3 una gran jugada individual para buscar la igualdad. Encar\u00f3, dej\u00f3 rivales en el camino y su remate termin\u00f3 siendo bloqueado por la defensa millonaria. Fue una de las acciones destacadas del partido.<\/p>\n<p><strong>Santiago L\u00f3pez \u2013 Tigre:<\/strong> El Matador se midi\u00f3 ante Estudiantes de R\u00edo Cuarto y L\u00f3pez tuvo su debut oficial con la camiseta de Tigre. Ingres\u00f3 a los 21\u2019 del segundo tiempo en el triunfo 2-0 y sum\u00f3 as\u00ed sus primeros minutos en el club de Victoria.<\/p>\n<p><strong>Federico Vera \u2013 Hurac\u00e1n:<\/strong> debut\u00f3 en el empate 1-1 frente a Banfield y el lateral fue titular en el equipo de Parque Patricios. Se mantuvo en cancha hasta los 34 minutos del segundo tiempo, cuando fue reemplazado.<\/p>\n<p><strong>Agust\u00edn Quiroga \u2013 Central C\u00f3rdoba:<\/strong> fue al banco en la ca\u00edda del Ferroviario 1-0 ante Gimnasia de Mendoza, en el arranque del Torneo Apertura.<\/p>\n<p><strong>Patricio Ostachuk \u2013 Atlanta:<\/strong> integra el plantel Bohemio y fue incluido entre los convocados para la pretemporada, con el cuerpo t\u00e9cnico encabezado por Cristian Pellerano.<\/p>\n<p><strong>David Mart\u00ednez \u2013 Volos (Grecia):<\/strong> hasta el momento acumula 13 partidos disputados en la Super League 2025\/26, con 1 gol y 1.047 minutos en cancha. Se est\u00e1 recuperando de su lesi\u00f3n.<\/p>\n<p><strong>Ignacio Maestro Puch \u2013 Puebla (M\u00e9xico):<\/strong> trabaja con el plantel de Puebla de cara al Clausura 2026 de la Liga MX. A\u00fan no registra minutos oficiales en el a\u00f1o.<\/p>\n<p><strong>Braian Mart\u00ednez \u2013 Everton (Chile):<\/strong> el Chaco volvi\u00f3 a Everton a pr\u00e9stamo y solo particip\u00f3 de los amistosos. El f\u00fatbol chileno inicia el calendario este fin de semana.<\/p>\n<p><strong>Lucas Rom\u00e1n \u2013 Atl\u00e9tico Tucum\u00e1n:<\/strong> no particip\u00f3 en la derrota 2-1 frente a Independiente Rivadavia de Mendoza.<\/p>\n<p><strong>Diego Segovia \u2013 Deportivo Maldonado (Uruguay):<\/strong> renov\u00f3 en el conjunto uruguayo y se prepara para comenzar la competencia oficial.<\/p>\n<p><strong>Tom\u00e1s Rambert \u2013 Club Ciudad de Bol\u00edvar:<\/strong> pas\u00f3 a Ciudad de Bol\u00edvar, con el equipo enfocado en la preparaci\u00f3n para las competencias oficiales.<\/p>\n<p><strong>Rodrigo M\u00e1rquez \u2013 Aldosivi:<\/strong> hace horas lo presentaron como nuevo refuerzo. Ya est\u00e1 a las \u00f3rdenes del cuerpo t\u00e9cnico y a la espera de sumar los minutos que no consigui\u00f3 en su paso por Platense.<\/p>\n<p><strong>Mauro Zurita \u2013 Villa D\u00e1lmine:<\/strong> a\u00fan no tiene competencia oficial, pero ya se encuentra trabajando con el plantel, disputando amistosos de pretemporada y a la espera del inicio de la competencia.<\/p>\n<p><strong>Johnny Qui\u00f1\u00f3nez \u2013 Barcelona (Ecuador):<\/strong> El mediocampista ecuatoriano contin\u00faa en el club, donde el equipo ya finaliz\u00f3 la pretemporada y se prepara para el inicio de la competencia oficial.<\/p>\n","protected":false},"excerpt":{"rendered":"<p>El 2026 comenz\u00f3 con movimiento para varios futbolistas de Independiente que se encuentran a pr\u00e9stamo. Algunos que estaban en la misma situaci\u00f3n en el 2025 volvieron, otros cambiaron de club o se fueron del Rojo. Santiago Salle estuvo en el foco principal. Tuvo un arranque siendo titular y completando los 90 minutos con Sarmiento de [&hellip;]<\/p>\n","protected":false},"author":101042,"featured_media":128590,"comment_status":"open","ping_status":"closed","sticky":false,"template":"","format":"standard","meta":{"_links_to":"","_links_to_target":""},"categories":[3297,3247],"tags":[4805,4452,5205,4429,5150,5567,5659,5556,5554,5772,4234,4739,4050,5162,4151],"_links":{"self":[{"href":"https:\/\/www.locoxelrojo.com\/independiente\/wp-json\/wp\/v2\/posts\/128589"}],"collection":[{"href":"https:\/\/www.locoxelrojo.com\/independiente\/wp-json\/wp\/v2\/posts"}],"about":[{"href":"https:\/\/www.locoxelrojo.com\/independiente\/wp-json\/wp\/v2\/types\/post"}],"author":[{"embeddable":true,"href":"https:\/\/www.locoxelrojo.com\/independiente\/wp-json\/wp\/v2\/users\/101042"}],"replies":[{"embeddable":true,"href":"https:\/\/www.locoxelrojo.com\/independiente\/wp-json\/wp\/v2\/comments?post=128589"}],"version-history":[{"count":1,"href":"https:\/\/www.locoxelrojo.com\/independiente\/wp-json\/wp\/v2\/posts\/128589\/revisions"}],"predecessor-version":[{"id":128591,"href":"https:\/\/www.locoxelrojo.com\/independiente\/wp-json\/wp\/v2\/posts\/128589\/revisions\/128591"}],"wp:featuredmedia":[{"embeddable":true,"href":"https:\/\/www.locoxelrojo.com\/independiente\/wp-json\/wp\/v2\/media\/128590"}],"wp:attachment":[{"href":"https:\/\/www.locoxelrojo.com\/independiente\/wp-json\/wp\/v2\/media?parent=128589"}],"wp:term":[{"taxonomy":"category","embeddable":true,"href":"https:\/\/www.locoxelrojo.com\/independiente\/wp-json\/wp\/v2\/categories?post=128589"},{"taxonomy":"post_tag","embeddable":true,"href":"https:\/\/www.locoxelrojo.com\/independiente\/wp-json\/wp\/v2\/tags?post=128589"}],"curies":[{"name":"wp","href":"https:\/\/api.w.org\/{rel}","templated":true}]}}