{"id":128592,"date":"2026-01-26T21:56:23","date_gmt":"2026-01-27T00:56:23","guid":{"rendered":"https:\/\/www.locoxelrojo.com\/independiente\/?p=128592"},"modified":"2026-01-26T21:56:23","modified_gmt":"2026-01-27T00:56:23","slug":"concentrados-vs-newells-en-rosario-sin-montiel","status":"publish","type":"post","link":"https:\/\/www.locoxelrojo.com\/independiente\/2026\/01\/26\/concentrados-vs-newells-en-rosario-sin-montiel\/","title":{"rendered":"Concentrados vs. Newell\u2019s: en Rosario, sin Montiel"},"content":{"rendered":"<p>Independiente visitar\u00e1 a Newell\u2019s en el Estadio Marcelo Bielsa, este martes a las 22:15, por la fecha 2 del Torneo Apertura. <strong>Gustavo Quinteros viaj\u00f3 con 24 jugadores.<\/strong><\/p>\n<p>El plantel ya se encuentra en Rosario concentrado, a la espera del partido. <strong>Josias Palais se meti\u00f3 en la lista como reemplazo de Santiago Montiel<\/strong>, quien fue expulsado en el \u00faltimo partido contra Estudiantes de La Plata. Adem\u00e1s, <strong>Mateo Morro se suma entre los arqueros convocados.<\/strong><\/p>\n<h3>Los concentrados:<\/h3>\n<p><strong>Arqueros:<\/strong> Joaqu\u00edn Bl\u00e1zquez, Mateo Morro, Rodrigo Rey.<\/p>\n<p><strong>Defensores:<\/strong> Milton Valenzuela, Nicol\u00e1s Freire, Juan Fedorco, Facundo Zabala, Kevin Lom\u00f3naco, Leonardo Godoy, Sebasti\u00e1n Vald\u00e9z, Luciano Barros Ayala.<\/p>\n<p><strong>Volantes:<\/strong> Rodrigo Fern\u00e1ndez Cedr\u00e9s, Lautaro Mill\u00e1n, Luciano Cabral, Federico Mancuello, Mateo P\u00e9rez Curci, Iv\u00e1n Marcone, Ignacio Malcorra.<\/p>\n<p><strong>Delanteros:<\/strong> Gabriel \u00c1valos, Walter Mazzantti, Mat\u00edas Abaldo, Jos\u00edas Palais, Ignacio Pussetto, Diego Tarzia.<\/p>\n<blockquote class=\"twitter-tweet\">\n<p dir=\"ltr\" lang=\"es\"> Convocados por Gustavo Quinteros para visitar a Newell&#8217;s Old Boys por la segunda fecha del Torneo Apertura 2026.<a href=\"https:\/\/twitter.com\/hashtag\/TodoRojo?src=hash&amp;ref_src=twsrc%5Etfw\">#TodoRojo<\/a>  <a href=\"https:\/\/t.co\/Y8mfrSQPFY\">pic.twitter.com\/Y8mfrSQPFY<\/a><\/p>\n<p>\u2014 C. A. Independiente (@Independiente) <a href=\"https:\/\/twitter.com\/Independiente\/status\/2015931468971667470?ref_src=twsrc%5Etfw\">January 26, 2026<\/a><\/p><\/blockquote>\n<p><script async src=\"https:\/\/platform.twitter.com\/widgets.js\" charset=\"utf-8\"><\/script><\/p>\n","protected":false},"excerpt":{"rendered":"<p>Independiente visitar\u00e1 a Newell\u2019s en el Estadio Marcelo Bielsa, este martes a las 22:15, por la fecha 2 del Torneo Apertura. Gustavo Quinteros viaj\u00f3 con 24 jugadores. El plantel ya se encuentra en Rosario concentrado, a la espera del partido. Josias Palais se meti\u00f3 en la lista como reemplazo de Santiago Montiel, quien fue expulsado [&hellip;]<\/p>\n","protected":false},"author":101051,"featured_media":128595,"comment_status":"open","ping_status":"closed","sticky":false,"template":"","format":"standard","meta":{"_links_to":"","_links_to_target":""},"categories":[3247,3],"tags":[153,2828,5267,5403,5425],"_links":{"self":[{"href":"https:\/\/www.locoxelrojo.com\/independiente\/wp-json\/wp\/v2\/posts\/128592"}],"collection":[{"href":"https:\/\/www.locoxelrojo.com\/independiente\/wp-json\/wp\/v2\/posts"}],"about":[{"href":"https:\/\/www.locoxelrojo.com\/independiente\/wp-json\/wp\/v2\/types\/post"}],"author":[{"embeddable":true,"href":"https:\/\/www.locoxelrojo.com\/independiente\/wp-json\/wp\/v2\/users\/101051"}],"replies":[{"embeddable":true,"href":"https:\/\/www.locoxelrojo.com\/independiente\/wp-json\/wp\/v2\/comments?post=128592"}],"version-history":[{"count":4,"href":"https:\/\/www.locoxelrojo.com\/independiente\/wp-json\/wp\/v2\/posts\/128592\/revisions"}],"predecessor-version":[{"id":128597,"href":"https:\/\/www.locoxelrojo.com\/independiente\/wp-json\/wp\/v2\/posts\/128592\/revisions\/128597"}],"wp:featuredmedia":[{"embeddable":true,"href":"https:\/\/www.locoxelrojo.com\/independiente\/wp-json\/wp\/v2\/media\/128595"}],"wp:attachment":[{"href":"https:\/\/www.locoxelrojo.com\/independiente\/wp-json\/wp\/v2\/media?parent=128592"}],"wp:term":[{"taxonomy":"category","embeddable":true,"href":"https:\/\/www.locoxelrojo.com\/independiente\/wp-json\/wp\/v2\/categories?post=128592"},{"taxonomy":"post_tag","embeddable":true,"href":"https:\/\/www.locoxelrojo.com\/independiente\/wp-json\/wp\/v2\/tags?post=128592"}],"curies":[{"name":"wp","href":"https:\/\/api.w.org\/{rel}","templated":true}]}}