{"id":128604,"date":"2026-01-27T15:15:18","date_gmt":"2026-01-27T18:15:18","guid":{"rendered":"https:\/\/www.locoxelrojo.com\/independiente\/?p=128604"},"modified":"2026-01-27T15:15:18","modified_gmt":"2026-01-27T18:15:18","slug":"laprida-presentado-en-central-cordoba","status":"publish","type":"post","link":"https:\/\/www.locoxelrojo.com\/independiente\/2026\/01\/27\/laprida-presentado-en-central-cordoba\/","title":{"rendered":"Laprida, presentado en Central C\u00f3rdoba"},"content":{"rendered":"<p><strong>Alan Laprida fue presentado en Central C\u00f3rdoba.<\/strong><\/p>\n<p><strong>Independiente y el Ferroviario sellaron la llegada del juvenil del Rojo al conjunto de Santiago del Estero.<\/strong> Gustavo Quinteros lo hab\u00eda llevado a la pretemporada, pero con poco lugar sale a buscar minutos en Primera Divisi\u00f3n.<\/p>\n<p>La negociaci\u00f3n se realiz\u00f3 <strong>a pr\u00e9stamo, sin cargo y sin opci\u00f3n hasta diciembre 2026<\/strong>. Este martes, antes del cierre del mercado de pases, el futbolista de 21 a\u00f1os fue presentado:<\/p>\n<blockquote class=\"twitter-tweet\">\n<p dir=\"ltr\" lang=\"es\">Alan Laprida se sum\u00f3 a Central C\u00f3rdoba<\/p>\n<p>El delantero Alan Laprida se sum\u00f3 a Central C\u00f3rdoba para la temporada 2026. El futbolista de 21 a\u00f1os nacido en La Plata, que se form\u00f3 en Independiente, llega a pr\u00e9stamo desde el club de Avellaneda con un contrato que se extender\u00e1 hasta el\u2026 <a href=\"https:\/\/t.co\/e4gTAYgIfH\">pic.twitter.com\/e4gTAYgIfH<\/a><\/p>\n<p>\u2014 Club Atletico Central C\u00f3rdoba (@cacc_sde) <a href=\"https:\/\/twitter.com\/cacc_sde\/status\/2016183406833315860?ref_src=twsrc%5Etfw\">January 27, 2026<\/a><\/p><\/blockquote>\n<p><script async src=\"https:\/\/platform.twitter.com\/widgets.js\" charset=\"utf-8\"><\/script><\/p>\n","protected":false},"excerpt":{"rendered":"<p>Alan Laprida fue presentado en Central C\u00f3rdoba. Independiente y el Ferroviario sellaron la llegada del juvenil del Rojo al conjunto de Santiago del Estero. Gustavo Quinteros lo hab\u00eda llevado a la pretemporada, pero con poco lugar sale a buscar minutos en Primera Divisi\u00f3n. La negociaci\u00f3n se realiz\u00f3 a pr\u00e9stamo, sin cargo y sin opci\u00f3n hasta [&hellip;]<\/p>\n","protected":false},"author":1,"featured_media":128606,"comment_status":"open","ping_status":"closed","sticky":false,"template":"","format":"standard","meta":{"_links_to":"","_links_to_target":""},"categories":[3297,3247],"tags":[5384,4497,153],"_links":{"self":[{"href":"https:\/\/www.locoxelrojo.com\/independiente\/wp-json\/wp\/v2\/posts\/128604"}],"collection":[{"href":"https:\/\/www.locoxelrojo.com\/independiente\/wp-json\/wp\/v2\/posts"}],"about":[{"href":"https:\/\/www.locoxelrojo.com\/independiente\/wp-json\/wp\/v2\/types\/post"}],"author":[{"embeddable":true,"href":"https:\/\/www.locoxelrojo.com\/independiente\/wp-json\/wp\/v2\/users\/1"}],"replies":[{"embeddable":true,"href":"https:\/\/www.locoxelrojo.com\/independiente\/wp-json\/wp\/v2\/comments?post=128604"}],"version-history":[{"count":3,"href":"https:\/\/www.locoxelrojo.com\/independiente\/wp-json\/wp\/v2\/posts\/128604\/revisions"}],"predecessor-version":[{"id":128608,"href":"https:\/\/www.locoxelrojo.com\/independiente\/wp-json\/wp\/v2\/posts\/128604\/revisions\/128608"}],"wp:featuredmedia":[{"embeddable":true,"href":"https:\/\/www.locoxelrojo.com\/independiente\/wp-json\/wp\/v2\/media\/128606"}],"wp:attachment":[{"href":"https:\/\/www.locoxelrojo.com\/independiente\/wp-json\/wp\/v2\/media?parent=128604"}],"wp:term":[{"taxonomy":"category","embeddable":true,"href":"https:\/\/www.locoxelrojo.com\/independiente\/wp-json\/wp\/v2\/categories?post=128604"},{"taxonomy":"post_tag","embeddable":true,"href":"https:\/\/www.locoxelrojo.com\/independiente\/wp-json\/wp\/v2\/tags?post=128604"}],"curies":[{"name":"wp","href":"https:\/\/api.w.org\/{rel}","templated":true}]}}