{"id":128624,"date":"2026-01-28T00:35:07","date_gmt":"2026-01-28T03:35:07","guid":{"rendered":"https:\/\/www.locoxelrojo.com\/independiente\/?p=128624"},"modified":"2026-01-28T01:55:19","modified_gmt":"2026-01-28T04:55:19","slug":"quinteros-me-preocupa-el-juego-aereo-perdimos-todas-las-pelotas","status":"publish","type":"post","link":"https:\/\/www.locoxelrojo.com\/independiente\/2026\/01\/28\/quinteros-me-preocupa-el-juego-aereo-perdimos-todas-las-pelotas\/","title":{"rendered":"Quinteros: &#8220;Me preocupa el juego a\u00e9reo, perdimos todas las pelotas&#8221;"},"content":{"rendered":"<p><strong>Gustavo Quinteros<\/strong> habl\u00f3 luego del <a href=\"https:\/\/www.locoxelrojo.com\/independiente\/2026\/01\/28\/otra-vez-dejo-puntos-en-el-camino\/\">empate 1-1 entre Independiente y Newell&#8217;s<\/a>, por la fecha 2 del Torneo Apertura.<\/p>\n<p><strong>&#8220;Tuvimos problemas en el juego a\u00e9reo, ya en el primer partido nos pas\u00f3 aunque no nos concretaron&#8221;<\/strong>, expres\u00f3 el t\u00e9cnico en conferencia de prensa. Y reiter\u00f3: <strong>&#8220;Me preocupa el juego a\u00e9reo. En estos dos partidos nos ganaron mucho, perdimos todas las pelotas&#8221;<\/strong>. De esa manera, en el cierre del encuentro lleg\u00f3 el gol de Michael Hoyos.<\/p>\n<p>Adem\u00e1s, se mostr\u00f3 disconforme con lo poco que gener\u00f3 en ataque: <strong>&#8220;Hoy no tuvimos un buen partido desde la elaboraci\u00f3n del juego. Podemos jugar mucho mejor. Tambi\u00e9n ganar m\u00e1s duelos individuales en ofensiva&#8221;<\/strong>.<\/p>\n<p>Para finalizar, se refiri\u00f3 a los cuatro cambios con los que sorprendi\u00f3 en la previa del encuentro: <strong>&#8220;Hubo jugadores que terminaron muy cargados el primer partido. Aprovech\u00e9 para rotar. Quiero un equipo que empiece a competir en posiciones para que eleven el nivel. Eso no cambi\u00f3 el funcionamiento. El rival corri\u00f3 mucho y no nos dej\u00f3 jugar&#8221;<\/strong>.<\/p>\n","protected":false},"excerpt":{"rendered":"<p>Gustavo Quinteros habl\u00f3 luego del empate 1-1 entre Independiente y Newell&#8217;s, por la fecha 2 del Torneo Apertura. &#8220;Tuvimos problemas en el juego a\u00e9reo, ya en el primer partido nos pas\u00f3 aunque no nos concretaron&#8221;, expres\u00f3 el t\u00e9cnico en conferencia de prensa. Y reiter\u00f3: &#8220;Me preocupa el juego a\u00e9reo. En estos dos partidos nos ganaron [&hellip;]<\/p>\n","protected":false},"author":1,"featured_media":128629,"comment_status":"open","ping_status":"closed","sticky":false,"template":"","format":"standard","meta":{"_links_to":"","_links_to_target":""},"categories":[3247,3],"tags":[153,5267,2831,5910],"_links":{"self":[{"href":"https:\/\/www.locoxelrojo.com\/independiente\/wp-json\/wp\/v2\/posts\/128624"}],"collection":[{"href":"https:\/\/www.locoxelrojo.com\/independiente\/wp-json\/wp\/v2\/posts"}],"about":[{"href":"https:\/\/www.locoxelrojo.com\/independiente\/wp-json\/wp\/v2\/types\/post"}],"author":[{"embeddable":true,"href":"https:\/\/www.locoxelrojo.com\/independiente\/wp-json\/wp\/v2\/users\/1"}],"replies":[{"embeddable":true,"href":"https:\/\/www.locoxelrojo.com\/independiente\/wp-json\/wp\/v2\/comments?post=128624"}],"version-history":[{"count":3,"href":"https:\/\/www.locoxelrojo.com\/independiente\/wp-json\/wp\/v2\/posts\/128624\/revisions"}],"predecessor-version":[{"id":128628,"href":"https:\/\/www.locoxelrojo.com\/independiente\/wp-json\/wp\/v2\/posts\/128624\/revisions\/128628"}],"wp:featuredmedia":[{"embeddable":true,"href":"https:\/\/www.locoxelrojo.com\/independiente\/wp-json\/wp\/v2\/media\/128629"}],"wp:attachment":[{"href":"https:\/\/www.locoxelrojo.com\/independiente\/wp-json\/wp\/v2\/media?parent=128624"}],"wp:term":[{"taxonomy":"category","embeddable":true,"href":"https:\/\/www.locoxelrojo.com\/independiente\/wp-json\/wp\/v2\/categories?post=128624"},{"taxonomy":"post_tag","embeddable":true,"href":"https:\/\/www.locoxelrojo.com\/independiente\/wp-json\/wp\/v2\/tags?post=128624"}],"curies":[{"name":"wp","href":"https:\/\/api.w.org\/{rel}","templated":true}]}}