{"id":128657,"date":"2026-01-29T16:57:20","date_gmt":"2026-01-29T19:57:20","guid":{"rendered":"https:\/\/www.locoxelrojo.com\/independiente\/?p=128657"},"modified":"2026-01-29T16:57:20","modified_gmt":"2026-01-29T19:57:20","slug":"seoane-no-vamos-a-tomar-una-decision-enojados","status":"publish","type":"post","link":"https:\/\/www.locoxelrojo.com\/independiente\/2026\/01\/29\/seoane-no-vamos-a-tomar-una-decision-enojados\/","title":{"rendered":"Seoane: &#8220;No vamos a tomar una decisi\u00f3n enojados&#8221;"},"content":{"rendered":"<p><strong>Daniel Seoane<\/strong> se refiri\u00f3 a la situaci\u00f3n de Javier Ru\u00edz, ante un nuevo desplante y otra oferta del Necaxa.<\/p>\n<p><a href=\"https:\/\/www.locoxelrojo.com\/independiente\/2026\/01\/29\/otro-desplante-de-ruiz-y-nueva-oferta\/\">La reuni\u00f3n de este jueves por la ma\u00f1ana entre N\u00e9stor Grindetti y Ru\u00edz no tuvo el resultado esperado<\/a>. Por lo menos para el presidente de Independiente. Sobre esto se expres\u00f3 en di\u00e1logo con Radio La Red: <strong>&#8220;Si no viene una oferta que le sirva a Independiente, el chico no se va a ir, pero tampoco sirve que se quede colgado&#8221;<\/strong>.<\/p>\n<p><strong>Y esta \u00faltima frase es la que agrand\u00f3 a\u00fan m\u00e1s las diferencias<\/strong> entre el secretario general y el presidente del Rey de Copas. <strong>Seoane tiene la postura de venderlo y Grindetti de sentar un precedente para que esto no vuelva a ocurrir en el futuro.<\/strong><\/p>\n<p><strong>&#8220;Esperamos una oferta que sea acorde al mercado, ni m\u00e1s ni menos. Ruiz va a tener el precio de un jugador que jugo a pr\u00e9stamo en un equipo de Argentina. No es un jugador que viene de Europa o que jug\u00f3 mundiales&#8221;<\/strong>, manifest\u00f3. Y agreg\u00f3: <strong>&#8220;Le ofrecen salarios altos del exterior, pero \u00e9l tiene contrato ac\u00e1. Para que se vaya todos tenemos que estar conformes&#8221;<\/strong>.<\/p>\n<p><strong>&#8220;Con Grindetti no vamos a tomar una decisi\u00f3n enojados que perjudiquen al club&#8221;<\/strong>, cerr\u00f3. Mientras tanto, hay sobre la mesa una nueva oferta del Necaxa de M\u00e9xico.<\/p>\n","protected":false},"excerpt":{"rendered":"<p>Daniel Seoane se refiri\u00f3 a la situaci\u00f3n de Javier Ru\u00edz, ante un nuevo desplante y otra oferta del Necaxa. La reuni\u00f3n de este jueves por la ma\u00f1ana entre N\u00e9stor Grindetti y Ru\u00edz no tuvo el resultado esperado. Por lo menos para el presidente de Independiente. Sobre esto se expres\u00f3 en di\u00e1logo con Radio La Red: [&hellip;]<\/p>\n","protected":false},"author":1,"featured_media":127202,"comment_status":"open","ping_status":"closed","sticky":false,"template":"","format":"standard","meta":{"_links_to":"","_links_to_target":""},"categories":[3280,3247],"tags":[153,1793,5252,5301,1455],"_links":{"self":[{"href":"https:\/\/www.locoxelrojo.com\/independiente\/wp-json\/wp\/v2\/posts\/128657"}],"collection":[{"href":"https:\/\/www.locoxelrojo.com\/independiente\/wp-json\/wp\/v2\/posts"}],"about":[{"href":"https:\/\/www.locoxelrojo.com\/independiente\/wp-json\/wp\/v2\/types\/post"}],"author":[{"embeddable":true,"href":"https:\/\/www.locoxelrojo.com\/independiente\/wp-json\/wp\/v2\/users\/1"}],"replies":[{"embeddable":true,"href":"https:\/\/www.locoxelrojo.com\/independiente\/wp-json\/wp\/v2\/comments?post=128657"}],"version-history":[{"count":1,"href":"https:\/\/www.locoxelrojo.com\/independiente\/wp-json\/wp\/v2\/posts\/128657\/revisions"}],"predecessor-version":[{"id":128658,"href":"https:\/\/www.locoxelrojo.com\/independiente\/wp-json\/wp\/v2\/posts\/128657\/revisions\/128658"}],"wp:featuredmedia":[{"embeddable":true,"href":"https:\/\/www.locoxelrojo.com\/independiente\/wp-json\/wp\/v2\/media\/127202"}],"wp:attachment":[{"href":"https:\/\/www.locoxelrojo.com\/independiente\/wp-json\/wp\/v2\/media?parent=128657"}],"wp:term":[{"taxonomy":"category","embeddable":true,"href":"https:\/\/www.locoxelrojo.com\/independiente\/wp-json\/wp\/v2\/categories?post=128657"},{"taxonomy":"post_tag","embeddable":true,"href":"https:\/\/www.locoxelrojo.com\/independiente\/wp-json\/wp\/v2\/tags?post=128657"}],"curies":[{"name":"wp","href":"https:\/\/api.w.org\/{rel}","templated":true}]}}