{"id":128676,"date":"2026-01-30T23:10:57","date_gmt":"2026-01-31T02:10:57","guid":{"rendered":"https:\/\/www.locoxelrojo.com\/independiente\/?p=128676"},"modified":"2026-01-30T23:11:25","modified_gmt":"2026-01-31T02:11:25","slug":"concentrados-vs-velez-primera-convocatoria-para-arias","status":"publish","type":"post","link":"https:\/\/www.locoxelrojo.com\/independiente\/2026\/01\/30\/concentrados-vs-velez-primera-convocatoria-para-arias\/","title":{"rendered":"Concentrados vs. V\u00e9lez: primera convocatoria para Arias"},"content":{"rendered":"<p><strong>Independiente recibe a V\u00e9lez Sarsfield este s\u00e1bado a las 19:45, por la tercera fecha del Torneo Apertura. Gustavo Quinteros dio una lista de 24 jugadores.<\/strong><\/p>\n<p>Entre los concentrados, <strong>Arias suma su primera convocatoria con la camiseta del Rey de Copas.<\/strong> Adem\u00e1s, <strong>Santiago Montiel vuelve a estar convocado<\/strong>, tras haber cumplido la fecha de suspensi\u00f3n por la expulsi\u00f3n ante Estudiantes de La Plata, en la primera fecha.<\/p>\n<p>En cuanto a las bajas, <strong>los juveniles Mateo Morro y Luciano Barros Ayala no fueron incluidos<\/strong>, tras haber integrado la lista en el partido frente a Newell\u2019s.<\/p>\n<h3>Los concentrados<\/h3>\n<p><strong>Arqueros:<\/strong> Joaqu\u00edn Bl\u00e1zquez, Rodrigo Rey.<\/p>\n<p><strong>Defensores:<\/strong> Milton Valenzuela, Santiago Arias, Nicol\u00e1s Freire, Juan Manuel Fedorco, Facundo Zabala, Kevin Lom\u00f3naco, Leonardo Godoy, Sebasti\u00e1n Valdez.<\/p>\n<p><strong>Volantes:<\/strong> Rodrigo Fern\u00e1ndez Cedr\u00e9s, Lautaro Mill\u00e1n, Luciano Cabral, Federico Mancuello, Mateo P\u00e9rez Curci, Iv\u00e1n Marcone, Ignacio Malcorra.<\/p>\n<p><strong>Delanteros:<\/strong> Santiago Montiel, Gabriel \u00c1valos, Walter Mazzantti, Mat\u00edas Abaldo, Jos\u00edas Palais, Ignacio Pussetto, Diego Tarzia.<\/p>\n","protected":false},"excerpt":{"rendered":"<p>Independiente recibe a V\u00e9lez Sarsfield este s\u00e1bado a las 19:45, por la tercera fecha del Torneo Apertura. Gustavo Quinteros dio una lista de 24 jugadores. Entre los concentrados, Arias suma su primera convocatoria con la camiseta del Rey de Copas. Adem\u00e1s, Santiago Montiel vuelve a estar convocado, tras haber cumplido la fecha de suspensi\u00f3n por [&hellip;]<\/p>\n","protected":false},"author":101051,"featured_media":128677,"comment_status":"open","ping_status":"closed","sticky":false,"template":"","format":"standard","meta":{"_links_to":"","_links_to_target":""},"categories":[3247,3],"tags":[153,2764,5937,5910,2722],"_links":{"self":[{"href":"https:\/\/www.locoxelrojo.com\/independiente\/wp-json\/wp\/v2\/posts\/128676"}],"collection":[{"href":"https:\/\/www.locoxelrojo.com\/independiente\/wp-json\/wp\/v2\/posts"}],"about":[{"href":"https:\/\/www.locoxelrojo.com\/independiente\/wp-json\/wp\/v2\/types\/post"}],"author":[{"embeddable":true,"href":"https:\/\/www.locoxelrojo.com\/independiente\/wp-json\/wp\/v2\/users\/101051"}],"replies":[{"embeddable":true,"href":"https:\/\/www.locoxelrojo.com\/independiente\/wp-json\/wp\/v2\/comments?post=128676"}],"version-history":[{"count":1,"href":"https:\/\/www.locoxelrojo.com\/independiente\/wp-json\/wp\/v2\/posts\/128676\/revisions"}],"predecessor-version":[{"id":128678,"href":"https:\/\/www.locoxelrojo.com\/independiente\/wp-json\/wp\/v2\/posts\/128676\/revisions\/128678"}],"wp:featuredmedia":[{"embeddable":true,"href":"https:\/\/www.locoxelrojo.com\/independiente\/wp-json\/wp\/v2\/media\/128677"}],"wp:attachment":[{"href":"https:\/\/www.locoxelrojo.com\/independiente\/wp-json\/wp\/v2\/media?parent=128676"}],"wp:term":[{"taxonomy":"category","embeddable":true,"href":"https:\/\/www.locoxelrojo.com\/independiente\/wp-json\/wp\/v2\/categories?post=128676"},{"taxonomy":"post_tag","embeddable":true,"href":"https:\/\/www.locoxelrojo.com\/independiente\/wp-json\/wp\/v2\/tags?post=128676"}],"curies":[{"name":"wp","href":"https:\/\/api.w.org\/{rel}","templated":true}]}}