{"id":12872,"date":"2011-11-21T02:26:54","date_gmt":"2011-11-21T05:26:54","guid":{"rendered":"http:\/\/www.locoxelrojo.com.ar\/independiente\/?p=12872"},"modified":"2011-11-21T15:01:05","modified_gmt":"2011-11-21T18:01:05","slug":"a-salta-con-11-tentativo","status":"publish","type":"post","link":"https:\/\/www.locoxelrojo.com\/independiente\/2011\/11\/21\/a-salta-con-11-tentativo\/","title":{"rendered":"A Salta con 11 tentativo"},"content":{"rendered":"<p><a href=\"http:\/\/www.locoxelrojo.com.ar\/independiente\/wp-content\/uploads\/2011\/11\/independiente_entrenamiento.jpg\"><img loading=\"lazy\" class=\"alignnone size-full wp-image-12873\" title=\"independiente_entrenamiento\" src=\"http:\/\/www.locoxelrojo.com.ar\/independiente\/wp-content\/uploads\/2011\/11\/independiente_entrenamiento.jpg\" alt=\"\" width=\"590\" height=\"315\" srcset=\"https:\/\/locoxelrojo.com\/independiente\/wp-content\/uploads\/2011\/11\/independiente_entrenamiento.jpg 590w, https:\/\/locoxelrojo.com\/independiente\/wp-content\/uploads\/2011\/11\/independiente_entrenamiento-300x160.jpg 300w\" sizes=\"(max-width: 590px) 100vw, 590px\" \/><\/a><\/p>\n<p>Independiente viaja el pr\u00f3ximo martes a las 11 de la ma\u00f1ana en avi\u00f3n rumbo a Salta. Los dirigidos por Ram\u00f3n D\u00edaz se entrenaron el d\u00eda luego del partido frente a Olimpo y no tuvieron descanso. Los titulares hicieron ejercicios regenerativos y los suplentes f\u00fatbol frente a los suplentes de la reserva -fue 3-0 con goles de Villafa\u00f1ez, Vall\u00e9s y Busse-.<\/p>\n<p>Si bien a\u00fan no hay indicios de los titulares que jugar\u00e1n en Salta, en Reserva hubo varios profesionales guardados en el encuentro frente a Olimpo &#8211; de los habituales que juegan en el equipo, s\u00f3lo jug\u00f3 Iv\u00e1n V\u00e9lez y Brian Nieva- por lo que el 11 ser\u00eda: Adri\u00e1n Gabbarini; Gabriel Vall\u00e9s, Javier B\u00e1ez, Leonel Galeano y Adri\u00e1n Argach\u00e1; Walter Busse, Nicol\u00e1s Delmonte, Cristian Pellerano y Osmar Ferreyra; Diego Chur\u00edn y Marco P\u00e8rez.<\/p>\n<p>Fabi\u00e1n Assmann volvi\u00f3 a entrenarse con normalidad y retomar\u00eda su lugar en el arco reci\u00e9n el lunes cuando Independiente visite a Uni\u00f3n en Santa Fe a las 21 horas. Lucas Kruspzky, Adri\u00e1n Argach\u00e1 y Carlos Matheu, en tanto, realizaron kinesiolog\u00eda. A pesar de esto, el uruguayo estar\u00eda en condiciones de jugar el pr\u00f3ximo mi\u00e9rcoles.<\/p>\n","protected":false},"excerpt":{"rendered":"<p>Independiente viaja el pr\u00f3ximo martes a las 11 de la ma\u00f1ana en avi\u00f3n rumbo a Salta. Los dirigidos por Ram\u00f3n D\u00edaz se entrenaron el d\u00eda luego del partido frente a Olimpo y no tuvieron descanso. Los titulares hicieron ejercicios regenerativos y los suplentes f\u00fatbol frente a los suplentes de la reserva -fue 3-0 con goles [&hellip;]<\/p>\n","protected":false},"author":1,"featured_media":0,"comment_status":"open","ping_status":"open","sticky":false,"template":"","format":"standard","meta":{"_links_to":"","_links_to_target":""},"categories":[800,3,1],"tags":[153,1097,3273],"_links":{"self":[{"href":"https:\/\/www.locoxelrojo.com\/independiente\/wp-json\/wp\/v2\/posts\/12872"}],"collection":[{"href":"https:\/\/www.locoxelrojo.com\/independiente\/wp-json\/wp\/v2\/posts"}],"about":[{"href":"https:\/\/www.locoxelrojo.com\/independiente\/wp-json\/wp\/v2\/types\/post"}],"author":[{"embeddable":true,"href":"https:\/\/www.locoxelrojo.com\/independiente\/wp-json\/wp\/v2\/users\/1"}],"replies":[{"embeddable":true,"href":"https:\/\/www.locoxelrojo.com\/independiente\/wp-json\/wp\/v2\/comments?post=12872"}],"version-history":[{"count":0,"href":"https:\/\/www.locoxelrojo.com\/independiente\/wp-json\/wp\/v2\/posts\/12872\/revisions"}],"wp:attachment":[{"href":"https:\/\/www.locoxelrojo.com\/independiente\/wp-json\/wp\/v2\/media?parent=12872"}],"wp:term":[{"taxonomy":"category","embeddable":true,"href":"https:\/\/www.locoxelrojo.com\/independiente\/wp-json\/wp\/v2\/categories?post=12872"},{"taxonomy":"post_tag","embeddable":true,"href":"https:\/\/www.locoxelrojo.com\/independiente\/wp-json\/wp\/v2\/tags?post=12872"}],"curies":[{"name":"wp","href":"https:\/\/api.w.org\/{rel}","templated":true}]}}