{"id":12907,"date":"2011-11-21T16:44:52","date_gmt":"2011-11-21T19:44:52","guid":{"rendered":"http:\/\/www.locoxelrojo.com.ar\/independiente\/?p=12907"},"modified":"2011-11-21T17:57:12","modified_gmt":"2011-11-21T19:57:12","slug":"agenda-politica-al-dia","status":"publish","type":"post","link":"https:\/\/www.locoxelrojo.com\/independiente\/2011\/11\/21\/agenda-politica-al-dia\/","title":{"rendered":"Agenda pol\u00edtica al d\u00eda"},"content":{"rendered":"<p><a href=\"http:\/\/www.locoxelrojo.com.ar\/independiente\/wp-content\/uploads\/2011\/11\/alvarez_cantero.jpg\"><img loading=\"lazy\" class=\"alignnone size-full wp-image-12908\" title=\"alvarez_cantero\" src=\"http:\/\/www.locoxelrojo.com.ar\/independiente\/wp-content\/uploads\/2011\/11\/alvarez_cantero.jpg\" alt=\"\" width=\"590\" height=\"315\" srcset=\"https:\/\/locoxelrojo.com\/independiente\/wp-content\/uploads\/2011\/11\/alvarez_cantero.jpg 590w, https:\/\/locoxelrojo.com\/independiente\/wp-content\/uploads\/2011\/11\/alvarez_cantero-300x160.jpg 300w\" sizes=\"(max-width: 590px) 100vw, 590px\" \/><\/a><\/p>\n<p><strong>B<\/strong><strong>aldomero \u00c1lvarez de Olivera<\/strong> declar\u00f3 <strong>\u201cVoy a brindar mi experiencia en gesti\u00f3n al Club para devolverle lo que me dio en estos 50 a\u00f1os como hincha\u201d. <\/strong>Adem\u00e1s, asegur\u00f3 que <strong>\u201cHoy me toca esta responsabilidad y estoy en una etapa en la que quiero devolverle a la instituci\u00f3n todo lo que ella me dio abrazando la pasi\u00f3n&#8221;.<\/strong><\/p>\n<p><strong>Javier Cantero<\/strong>, por su parte, enfatiz\u00f3 en Monarqu\u00eda Roja: <strong>&#8220;El club est\u00e1 fundido, los barras tienen que ayudar si quieren al club y no vivir del club. La estrategia de Cacho es demostrar que ya asumi\u00f3, se compromete con la gesti\u00f3n que ha gobernado mal&#8221;<\/strong><\/p>\n<p>Seg\u00fan inform\u00f3 Pedro Larralde, Secretario de Independiente M\u00edstico, la reuni\u00f3n que la agrupaci\u00f3n opositora iba a mantener con los socios en la ciudad de La Plata qued\u00f3 suspendida por razones de fuerza mayor y, hasta nuevo aviso.<\/p>\n<p>Por otro lado, Baldomero \u00c1lvarez de Olivera mantendr\u00e1 una cena con empresarios y pol\u00edticos nacionales ma\u00f1ana por la noche en el restaurant Rodizio de Costanera Norte. A las 10:30 de la ma\u00f1ana, el oficialismo dar\u00e1 la lista completa en el Teatro Roma de Avellaneda ubicado en Sarmiento 109.<\/p>\n","protected":false},"excerpt":{"rendered":"<p>Baldomero \u00c1lvarez de Olivera declar\u00f3 \u201cVoy a brindar mi experiencia en gesti\u00f3n al Club para devolverle lo que me dio en estos 50 a\u00f1os como hincha\u201d. Adem\u00e1s, asegur\u00f3 que \u201cHoy me toca esta responsabilidad y estoy en una etapa en la que quiero devolverle a la instituci\u00f3n todo lo que ella me dio abrazando la [&hellip;]<\/p>\n","protected":false},"author":1,"featured_media":0,"comment_status":"open","ping_status":"open","sticky":false,"template":"","format":"standard","meta":{"_links_to":"","_links_to_target":""},"categories":[3,1],"tags":[153,761,771],"_links":{"self":[{"href":"https:\/\/www.locoxelrojo.com\/independiente\/wp-json\/wp\/v2\/posts\/12907"}],"collection":[{"href":"https:\/\/www.locoxelrojo.com\/independiente\/wp-json\/wp\/v2\/posts"}],"about":[{"href":"https:\/\/www.locoxelrojo.com\/independiente\/wp-json\/wp\/v2\/types\/post"}],"author":[{"embeddable":true,"href":"https:\/\/www.locoxelrojo.com\/independiente\/wp-json\/wp\/v2\/users\/1"}],"replies":[{"embeddable":true,"href":"https:\/\/www.locoxelrojo.com\/independiente\/wp-json\/wp\/v2\/comments?post=12907"}],"version-history":[{"count":0,"href":"https:\/\/www.locoxelrojo.com\/independiente\/wp-json\/wp\/v2\/posts\/12907\/revisions"}],"wp:attachment":[{"href":"https:\/\/www.locoxelrojo.com\/independiente\/wp-json\/wp\/v2\/media?parent=12907"}],"wp:term":[{"taxonomy":"category","embeddable":true,"href":"https:\/\/www.locoxelrojo.com\/independiente\/wp-json\/wp\/v2\/categories?post=12907"},{"taxonomy":"post_tag","embeddable":true,"href":"https:\/\/www.locoxelrojo.com\/independiente\/wp-json\/wp\/v2\/tags?post=12907"}],"curies":[{"name":"wp","href":"https:\/\/api.w.org\/{rel}","templated":true}]}}