{"id":12913,"date":"2011-11-22T04:17:53","date_gmt":"2011-11-22T07:17:53","guid":{"rendered":"http:\/\/www.locoxelrojo.com.ar\/independiente\/?p=12913"},"modified":"2011-11-22T04:17:53","modified_gmt":"2011-11-22T07:17:53","slug":"gabbarini-ojala-me-quede-por-mucho-tiempo-mas-en-el-club","status":"publish","type":"post","link":"https:\/\/www.locoxelrojo.com\/independiente\/2011\/11\/22\/gabbarini-ojala-me-quede-por-mucho-tiempo-mas-en-el-club\/","title":{"rendered":"Gabbarini: &#8220;Ojal\u00e1 me quede por mucho tiempo m\u00e1s en el club&#8221;"},"content":{"rendered":"<p><a href=\"http:\/\/www.locoxelrojo.com.ar\/independiente\/wp-content\/uploads\/2011\/11\/gabba-lxrradio.jpg\"><img loading=\"lazy\" class=\"alignnone size-full wp-image-12914\" title=\"gabba-lxrradio\" src=\"http:\/\/www.locoxelrojo.com.ar\/independiente\/wp-content\/uploads\/2011\/11\/gabba-lxrradio.jpg\" alt=\"\" width=\"590\" height=\"315\" srcset=\"https:\/\/locoxelrojo.com\/independiente\/wp-content\/uploads\/2011\/11\/gabba-lxrradio.jpg 590w, https:\/\/locoxelrojo.com\/independiente\/wp-content\/uploads\/2011\/11\/gabba-lxrradio-300x160.jpg 300w\" sizes=\"(max-width: 590px) 100vw, 590px\" \/><\/a><\/p>\n<p>Adri\u00e1n Gabbarini volvi\u00f3 este fin de semana al arco de Independiente despu\u00e9s de mucho tiempo y adem\u00e1s de conseguir los tres puntos, su premio personal fue terminar el partido sin que le conviertan goles. En su vuelta, el arquero pas\u00f3 por <strong>LocoXelRojo Radio<\/strong>, cont\u00f3 como vivi\u00f3 el partido y que ser\u00e1 de su futuro.<\/p>\n<p><strong>&#8220;Estoy contento en lo personal, por la actuaci\u00f3n individual, hace mucho que no jugaba y me sent\u00ed muy c\u00f3modo. Tambi\u00e9n estoy muy contento por la actuaci\u00f3n del equipo que fue muy s\u00f3lida&#8221;<\/strong>, dijo el mendocino sobre el triunfo del s\u00e1bado por 3 a 0 a Olimpo.<\/p>\n<p>Sobre su situaci\u00f3n actual dentro del equipo, donde se ve obligado a alternar en el banco de suplente con Hilario Navarr\u00f3, ya que Ram\u00f3n D\u00edaz opt\u00f3 por Fabi\u00e1n Assmann como arquero titular, manifest\u00f3 que <strong>&#8220;es una situaci\u00f3n d\u00edficil, pero hay que manejarlo d\u00eda a d\u00eda&#8221;<\/strong>. Adem\u00e1s agreg\u00f3: <strong>&#8220;cuando uno tuvo un buen nivel y fue convocado a la Selecci\u00f3n Nacional, se hace complicado no jugar. Independiente tiene grandes arqueros y siempre los tuvo, hay que mantenerse bien f\u00edsicamente para cuando me toque entrar&#8221;<\/strong>.<\/p>\n<p>Seg\u00fan pudo averiguar <strong>LocoXelRojo<\/strong>, Gabbarini tendr\u00e1 otra nueva chance de estar defendiendo el arco de Independiente y ser\u00e1 el mi\u00e9rcoles cuando el Rojo enfrente a Colegiales por la Copa Argentina. Al ser consultado aclar\u00f3 que Ram\u00f3n todav\u00eda no se lo confirm\u00f3: <strong>&#8220;conmigo Ram\u00f3n no habl\u00f3 nada, no s\u00e9 si a Hilario le comunic\u00f3 algo&#8221;<\/strong>. S\u00f3lo viajan dos arqueros y todo parece indicar que el mendocino corre con una peque\u00f1a ventaja por sobre Navarro. <strong>&#8220;El \u00e1nimo para el partido del mi\u00e9rcoles es el mejor. Lo estamos tomando muy seriamente&#8221;<\/strong>, cont\u00f3 el arquero a horas de viajar a Salta.<\/p>\n<p>En cuanto a su futuro el mendocino manifest\u00f3 sus ganas de continuar en el club y dej\u00f3 todo en manos de los dirigentes. <strong>&#8220;Tengo contrato hasta junio del 2013. Queda en manos de los dirigentes mi futuro&#8221;<\/strong>. Pero el deseo de Gabbarini es seguir atajando en el club que tanto se encari\u00f1\u00f3 y del cual es hincha: <strong>&#8220;ojal\u00e1 me quede por mucho tiempo m\u00e1s en el club. Soy hincha de Independiente&#8221;<\/strong>, cerr\u00f3.<\/p>\n<p><strong>Audio de la entrevista:<\/strong><\/p>\n<p><object id=\"divplaylist\" classid=\"clsid:d27cdb6e-ae6d-11cf-96b8-444553540000\" width=\"335\" height=\"28\" codebase=\"http:\/\/download.macromedia.com\/pub\/shockwave\/cabs\/flash\/swflash.cab#version=6,0,40,0\"><param name=\"src\" value=\"http:\/\/www.divshare.com\/flash\/playlist?myId=16229842-9c5\" \/><param name=\"name\" value=\"divplaylist\" \/><embed id=\"divplaylist\" type=\"application\/x-shockwave-flash\" width=\"335\" height=\"28\" src=\"http:\/\/www.divshare.com\/flash\/playlist?myId=16229842-9c5\" name=\"divplaylist\"><\/embed><\/object><\/p>\n","protected":false},"excerpt":{"rendered":"<p>Adri\u00e1n Gabbarini volvi\u00f3 este fin de semana al arco de Independiente despu\u00e9s de mucho tiempo y adem\u00e1s de conseguir los tres puntos, su premio personal fue terminar el partido sin que le conviertan goles. En su vuelta, el arquero pas\u00f3 por LocoXelRojo Radio, cont\u00f3 como vivi\u00f3 el partido y que ser\u00e1 de su futuro. &#8220;Estoy [&hellip;]<\/p>\n","protected":false},"author":1,"featured_media":0,"comment_status":"open","ping_status":"open","sticky":false,"template":"","format":"standard","meta":{"_links_to":"","_links_to_target":""},"categories":[3,17,1],"tags":[77,153,316,3268],"_links":{"self":[{"href":"https:\/\/www.locoxelrojo.com\/independiente\/wp-json\/wp\/v2\/posts\/12913"}],"collection":[{"href":"https:\/\/www.locoxelrojo.com\/independiente\/wp-json\/wp\/v2\/posts"}],"about":[{"href":"https:\/\/www.locoxelrojo.com\/independiente\/wp-json\/wp\/v2\/types\/post"}],"author":[{"embeddable":true,"href":"https:\/\/www.locoxelrojo.com\/independiente\/wp-json\/wp\/v2\/users\/1"}],"replies":[{"embeddable":true,"href":"https:\/\/www.locoxelrojo.com\/independiente\/wp-json\/wp\/v2\/comments?post=12913"}],"version-history":[{"count":0,"href":"https:\/\/www.locoxelrojo.com\/independiente\/wp-json\/wp\/v2\/posts\/12913\/revisions"}],"wp:attachment":[{"href":"https:\/\/www.locoxelrojo.com\/independiente\/wp-json\/wp\/v2\/media?parent=12913"}],"wp:term":[{"taxonomy":"category","embeddable":true,"href":"https:\/\/www.locoxelrojo.com\/independiente\/wp-json\/wp\/v2\/categories?post=12913"},{"taxonomy":"post_tag","embeddable":true,"href":"https:\/\/www.locoxelrojo.com\/independiente\/wp-json\/wp\/v2\/tags?post=12913"}],"curies":[{"name":"wp","href":"https:\/\/api.w.org\/{rel}","templated":true}]}}