{"id":129259,"date":"2026-03-15T20:21:29","date_gmt":"2026-03-15T23:21:29","guid":{"rendered":"https:\/\/www.locoxelrojo.com\/independiente\/?p=129259"},"modified":"2026-03-15T20:21:29","modified_gmt":"2026-03-15T23:21:29","slug":"montiel-baja-en-independiente-para-visitar-a-instituto","status":"publish","type":"post","link":"https:\/\/www.locoxelrojo.com\/independiente\/2026\/03\/15\/montiel-baja-en-independiente-para-visitar-a-instituto\/","title":{"rendered":"Montiel, baja en Independiente para visitar a Instituto"},"content":{"rendered":"<p><strong>Santiago Montiel no viajar\u00e1 a C\u00f3rdoba<\/strong> para el partido frente a Instituto, este lunes a las 22:15, por la fecha 11 del Torneo Apertura.<\/p>\n<p>El extremo entr\u00f3 en la victoria ante Central C\u00f3rdoba y en el empate ag\u00f3nico con Uni\u00f3n de Santa Fe, aunque en ambos partidos no tuvo un buen rendimiento y se lo not\u00f3 falto de ritmo. <strong>Tras esos encuentros, Montiel nuevamente manifest\u00f3 dolores.<\/strong><\/p>\n<p>Debido a esto, <strong>Ignacio Pussetto se mantiene como titular<\/strong> para el duelo con la Gloria. Como en los dos partidos anteriores, Gustavo Quinteros vuelve a apostar por el ex Hurac\u00e1n en el frente de ataque.<\/p>\n<p><strong>Independiente todav\u00eda no pudo contar plenamente con Montiel en este Torneo Apertura<\/strong>: entre expulsiones y lesiones, tuvo poca continuidad y no logr\u00f3 aportar desequilibrio en la delantera del Rey de Copas.<\/p>\n","protected":false},"excerpt":{"rendered":"<p>Santiago Montiel no viajar\u00e1 a C\u00f3rdoba para el partido frente a Instituto, este lunes a las 22:15, por la fecha 11 del Torneo Apertura. El extremo entr\u00f3 en la victoria ante Central C\u00f3rdoba y en el empate ag\u00f3nico con Uni\u00f3n de Santa Fe, aunque en ambos partidos no tuvo un buen rendimiento y se lo [&hellip;]<\/p>\n","protected":false},"author":101051,"featured_media":129260,"comment_status":"open","ping_status":"closed","sticky":false,"template":"","format":"standard","meta":{"_links_to":"","_links_to_target":""},"categories":[3247,3],"tags":[153,2451,5680,5910],"_links":{"self":[{"href":"https:\/\/www.locoxelrojo.com\/independiente\/wp-json\/wp\/v2\/posts\/129259"}],"collection":[{"href":"https:\/\/www.locoxelrojo.com\/independiente\/wp-json\/wp\/v2\/posts"}],"about":[{"href":"https:\/\/www.locoxelrojo.com\/independiente\/wp-json\/wp\/v2\/types\/post"}],"author":[{"embeddable":true,"href":"https:\/\/www.locoxelrojo.com\/independiente\/wp-json\/wp\/v2\/users\/101051"}],"replies":[{"embeddable":true,"href":"https:\/\/www.locoxelrojo.com\/independiente\/wp-json\/wp\/v2\/comments?post=129259"}],"version-history":[{"count":1,"href":"https:\/\/www.locoxelrojo.com\/independiente\/wp-json\/wp\/v2\/posts\/129259\/revisions"}],"predecessor-version":[{"id":129261,"href":"https:\/\/www.locoxelrojo.com\/independiente\/wp-json\/wp\/v2\/posts\/129259\/revisions\/129261"}],"wp:featuredmedia":[{"embeddable":true,"href":"https:\/\/www.locoxelrojo.com\/independiente\/wp-json\/wp\/v2\/media\/129260"}],"wp:attachment":[{"href":"https:\/\/www.locoxelrojo.com\/independiente\/wp-json\/wp\/v2\/media?parent=129259"}],"wp:term":[{"taxonomy":"category","embeddable":true,"href":"https:\/\/www.locoxelrojo.com\/independiente\/wp-json\/wp\/v2\/categories?post=129259"},{"taxonomy":"post_tag","embeddable":true,"href":"https:\/\/www.locoxelrojo.com\/independiente\/wp-json\/wp\/v2\/tags?post=129259"}],"curies":[{"name":"wp","href":"https:\/\/api.w.org\/{rel}","templated":true}]}}