{"id":129268,"date":"2026-03-15T22:10:31","date_gmt":"2026-03-16T01:10:31","guid":{"rendered":"https:\/\/www.locoxelrojo.com\/independiente\/?p=129268"},"modified":"2026-03-15T22:10:31","modified_gmt":"2026-03-16T01:10:31","slug":"asi-llega-la-gloria-3","status":"publish","type":"post","link":"https:\/\/www.locoxelrojo.com\/independiente\/2026\/03\/15\/asi-llega-la-gloria-3\/","title":{"rendered":"As\u00ed llega la Gloria"},"content":{"rendered":"<p><strong>Instituto recibir\u00e1 a Independiente este lunes a las 22:15 en C\u00f3rdoba<\/strong>, por la fecha 11 del Torneo Apertura. Enterate c\u00f3mo llega.<\/p>\n<p><strong>La Gloria se encuentra en el puesto 13 de la Zona A con 8 puntos<\/strong>, 6 menos que el Rojo, producto de 1 victoria, 2 victorias, 2 empates y 5 derrotas. En lo que va del campeonato, <strong>convirti\u00f3 9 goles y recibi\u00f3 12<\/strong>, quedando con una diferencia de -3.<\/p>\n<p>Con respecto a la tabla anual, <strong>se ubica en el puesto 25 con 8 puntos<\/strong>, y de la misma manera, con 6 menos que el Rey de Copas. <strong>Los dirigidos por Diego Flores, perdieron 2-0 ante Talleres en la \u00faltima fecha en condici\u00f3n de visitante.<\/strong><\/p>\n<p>Adem\u00e1s, tuvo varias bajas importantes de cara a este partido. <strong>Iv\u00e1n Erquiaga, Emanuel Sittaro, Jonas Acevedo y Agust\u00edn Bravo<\/strong> se lo pierden por lesiones musculares. <strong>Manuel Romero y Facundo Su\u00e1rez<\/strong> sufrieron la rotura del ligamento cruzado anterior, por lo que tambi\u00e9n estar\u00e1n fuera del duelo en Avellaneda.<\/p>\n<blockquote class=\"twitter-tweet\">\n<p dir=\"ltr\" lang=\"es\">  \u0301: El Departamento M\u00e9dico del club informa el estado f\u00edsico de los siguientes jugadores:<br \/>\n\u2022 Iv\u00e1n Erquiaga: presenta una sobrecarga muscular en el recto femoral del muslo izquierdo. En el d\u00eda de ma\u00f1ana se realizar\u00e1n estudios complementarios para precisar\u2026 <a href=\"https:\/\/t.co\/j100nNZIhl\">pic.twitter.com\/j100nNZIhl<\/a><\/p>\n<p>\u2014 Instituto ACC (@InstitutoACC) <a href=\"https:\/\/twitter.com\/InstitutoACC\/status\/2033333264618770553?ref_src=twsrc%5Etfw\">March 16, 2026<\/a><\/p><\/blockquote>\n<p><script async src=\"https:\/\/platform.twitter.com\/widgets.js\" charset=\"utf-8\"><\/script><\/p>\n<p>Instituto saldr\u00e1 a la cancha para jugar contra Independiente con el siguiente 11: <strong>Manuel Roffo; Giuliano Cerato, Fernando Alarc\u00f3n, Leonel Mosevich, Diego Sosa; Juan Ignacio M\u00e9ndez, Gustavo Abreg\u00fa, Gast\u00f3n Lodico; Mat\u00edas Fonseca, Franco Jara y Alex Luna.<\/strong><\/p>\n","protected":false},"excerpt":{"rendered":"<p>Instituto recibir\u00e1 a Independiente este lunes a las 22:15 en C\u00f3rdoba, por la fecha 11 del Torneo Apertura. Enterate c\u00f3mo llega. La Gloria se encuentra en el puesto 13 de la Zona A con 8 puntos, 6 menos que el Rojo, producto de 1 victoria, 2 victorias, 2 empates y 5 derrotas. En lo que [&hellip;]<\/p>\n","protected":false},"author":101043,"featured_media":129269,"comment_status":"open","ping_status":"closed","sticky":false,"template":"","format":"standard","meta":{"_links_to":"","_links_to_target":""},"categories":[1990,3247],"tags":[153,2643,5910],"_links":{"self":[{"href":"https:\/\/www.locoxelrojo.com\/independiente\/wp-json\/wp\/v2\/posts\/129268"}],"collection":[{"href":"https:\/\/www.locoxelrojo.com\/independiente\/wp-json\/wp\/v2\/posts"}],"about":[{"href":"https:\/\/www.locoxelrojo.com\/independiente\/wp-json\/wp\/v2\/types\/post"}],"author":[{"embeddable":true,"href":"https:\/\/www.locoxelrojo.com\/independiente\/wp-json\/wp\/v2\/users\/101043"}],"replies":[{"embeddable":true,"href":"https:\/\/www.locoxelrojo.com\/independiente\/wp-json\/wp\/v2\/comments?post=129268"}],"version-history":[{"count":1,"href":"https:\/\/www.locoxelrojo.com\/independiente\/wp-json\/wp\/v2\/posts\/129268\/revisions"}],"predecessor-version":[{"id":129270,"href":"https:\/\/www.locoxelrojo.com\/independiente\/wp-json\/wp\/v2\/posts\/129268\/revisions\/129270"}],"wp:featuredmedia":[{"embeddable":true,"href":"https:\/\/www.locoxelrojo.com\/independiente\/wp-json\/wp\/v2\/media\/129269"}],"wp:attachment":[{"href":"https:\/\/www.locoxelrojo.com\/independiente\/wp-json\/wp\/v2\/media?parent=129268"}],"wp:term":[{"taxonomy":"category","embeddable":true,"href":"https:\/\/www.locoxelrojo.com\/independiente\/wp-json\/wp\/v2\/categories?post=129268"},{"taxonomy":"post_tag","embeddable":true,"href":"https:\/\/www.locoxelrojo.com\/independiente\/wp-json\/wp\/v2\/tags?post=129268"}],"curies":[{"name":"wp","href":"https:\/\/api.w.org\/{rel}","templated":true}]}}