{"id":129297,"date":"2026-03-17T20:59:43","date_gmt":"2026-03-17T23:59:43","guid":{"rendered":"https:\/\/www.locoxelrojo.com\/independiente\/?p=129297"},"modified":"2026-03-17T20:59:43","modified_gmt":"2026-03-17T23:59:43","slug":"millan-y-gutierrez-convocados-a-la-seleccion-de-chile","status":"publish","type":"post","link":"https:\/\/www.locoxelrojo.com\/independiente\/2026\/03\/17\/millan-y-gutierrez-convocados-a-la-seleccion-de-chile\/","title":{"rendered":"Mill\u00e1n y Guti\u00e9rrez convocados a la Selecci\u00f3n de Chile"},"content":{"rendered":"<p><strong>Lautaro Mill\u00e1n y Maximiliano Guti\u00e9rrez convocados a la Selecci\u00f3n de Chile.<\/strong><\/p>\n<p>Ambos jugadores del Rojo estar\u00e1n en la fecha FIFA disputando amistosos con la Roja: <strong>el 27 de marzo frente a Cabo Verde y contra Nueva Zelanda, el 30 de marzo.<\/strong><\/p>\n<p>Si bien en la derrota con Instituto fue suplente, <strong>Mill\u00e1n fue titular en la mayor\u00eda de partidos del Torneo Apertura 2026<\/strong>, aunque nivel que mostr\u00f3 hasta el momento no es el mejor. <strong>Guti\u00e9rrez ya debut\u00f3 en Independiente, pero apenas sum\u00f3 minutos con Gimnasia de Mendoza y con la Gloria.<\/strong><\/p>\n<blockquote class=\"twitter-tweet\">\n<p dir=\"ltr\" lang=\"es\"> N\u00f3mina de <a href=\"https:\/\/twitter.com\/hashtag\/LaRoja?src=hash&amp;ref_src=twsrc%5Etfw\">#LaRoja<\/a>  para los partidos ante Cabo Verde  y Nueva Zelanda . <a href=\"https:\/\/t.co\/vvqBn9RkSZ\">pic.twitter.com\/vvqBn9RkSZ<\/a><\/p>\n<p>\u2014 Selecci\u00f3n Chilena (@LaRoja) <a href=\"https:\/\/twitter.com\/LaRoja\/status\/2033565433626837259?ref_src=twsrc%5Etfw\">March 16, 2026<\/a><\/p><\/blockquote>\n<p><script async src=\"https:\/\/platform.twitter.com\/widgets.js\" charset=\"utf-8\"><\/script><\/p>\n<p>Los dos se suman a Gabriel \u00c1valos, como los tres representantes de Independiente en la fecha FIFA. <strong>Se pierden el partido por Copa Argentina ante Atenas de R\u00edo Cuarto del 27 de marzo.<\/strong><\/p>\n","protected":false},"excerpt":{"rendered":"<p>Lautaro Mill\u00e1n y Maximiliano Guti\u00e9rrez convocados a la Selecci\u00f3n de Chile. Ambos jugadores del Rojo estar\u00e1n en la fecha FIFA disputando amistosos con la Roja: el 27 de marzo frente a Cabo Verde y contra Nueva Zelanda, el 30 de marzo. Si bien en la derrota con Instituto fue suplente, Mill\u00e1n fue titular en la [&hellip;]<\/p>\n","protected":false},"author":101052,"featured_media":129298,"comment_status":"open","ping_status":"closed","sticky":false,"template":"","format":"standard","meta":{"_links_to":"","_links_to_target":""},"categories":[3280,3247],"tags":[5149,5941,4023],"_links":{"self":[{"href":"https:\/\/www.locoxelrojo.com\/independiente\/wp-json\/wp\/v2\/posts\/129297"}],"collection":[{"href":"https:\/\/www.locoxelrojo.com\/independiente\/wp-json\/wp\/v2\/posts"}],"about":[{"href":"https:\/\/www.locoxelrojo.com\/independiente\/wp-json\/wp\/v2\/types\/post"}],"author":[{"embeddable":true,"href":"https:\/\/www.locoxelrojo.com\/independiente\/wp-json\/wp\/v2\/users\/101052"}],"replies":[{"embeddable":true,"href":"https:\/\/www.locoxelrojo.com\/independiente\/wp-json\/wp\/v2\/comments?post=129297"}],"version-history":[{"count":1,"href":"https:\/\/www.locoxelrojo.com\/independiente\/wp-json\/wp\/v2\/posts\/129297\/revisions"}],"predecessor-version":[{"id":129299,"href":"https:\/\/www.locoxelrojo.com\/independiente\/wp-json\/wp\/v2\/posts\/129297\/revisions\/129299"}],"wp:featuredmedia":[{"embeddable":true,"href":"https:\/\/www.locoxelrojo.com\/independiente\/wp-json\/wp\/v2\/media\/129298"}],"wp:attachment":[{"href":"https:\/\/www.locoxelrojo.com\/independiente\/wp-json\/wp\/v2\/media?parent=129297"}],"wp:term":[{"taxonomy":"category","embeddable":true,"href":"https:\/\/www.locoxelrojo.com\/independiente\/wp-json\/wp\/v2\/categories?post=129297"},{"taxonomy":"post_tag","embeddable":true,"href":"https:\/\/www.locoxelrojo.com\/independiente\/wp-json\/wp\/v2\/tags?post=129297"}],"curies":[{"name":"wp","href":"https:\/\/api.w.org\/{rel}","templated":true}]}}