{"id":129300,"date":"2026-03-17T21:16:05","date_gmt":"2026-03-18T00:16:05","guid":{"rendered":"https:\/\/www.locoxelrojo.com\/independiente\/?p=129300"},"modified":"2026-03-17T21:16:05","modified_gmt":"2026-03-18T00:16:05","slug":"avalos-convocado-a-la-seleccion-de-paraguay-3","status":"publish","type":"post","link":"https:\/\/www.locoxelrojo.com\/independiente\/2026\/03\/17\/avalos-convocado-a-la-seleccion-de-paraguay-3\/","title":{"rendered":"\u00c1valos, convocado a la Selecci\u00f3n de Paraguay"},"content":{"rendered":"<p><strong>Gabriel \u00c1valos fue citado por Gustavo Alfaro para integrar la lista de Paraguay<\/strong>, en la fecha FIFA de amistosos previos al Mundial.<\/p>\n<p>El delantero del Rojo ser\u00e1 parte del combinado guaran\u00ed en los duelos amistosos en territorio europeo, <strong>ante Grecia el 27 de Marzo y Marruecos el 31 de marzo.<\/strong><\/p>\n<blockquote class=\"twitter-tweet\">\n<p dir=\"ltr\" lang=\"es\">\n<p> Lista de convocados por el DT albirrojo Gustavo Alfaro para los encuentros ante Grecia  y Marruecos  por la pr\u00f3xima Fecha FIFA.<\/p>\n<p>\u00a1Nos seguimos preparando para la <a href=\"https:\/\/twitter.com\/FIFAWorldCup?ref_src=twsrc%5Etfw\">@fifaworldcup<\/a> !<\/p>\n<p>Los detalles: <a href=\"https:\/\/t.co\/GyMRdSdYER\">https:\/\/t.co\/GyMRdSdYER<\/a><a href=\"https:\/\/twitter.com\/hashtag\/VamosParaguay?src=hash&amp;ref_src=twsrc%5Etfw\">#VamosParaguay<\/a>  <a href=\"https:\/\/t.co\/N5USlBJ6Xs\">pic.twitter.com\/N5USlBJ6Xs<\/a><\/p>\n<p>\u2014 Selecci\u00f3n Paraguaya (@Albirroja) <a href=\"https:\/\/twitter.com\/Albirroja\/status\/2033324657823072639?ref_src=twsrc%5Etfw\">March 15, 2026<\/a><\/p><\/blockquote>\n<p><script async src=\"https:\/\/platform.twitter.com\/widgets.js\" charset=\"utf-8\"><\/script><\/p>\n<p>\u00c1valos est\u00e1 en el mejor momento desde su llegada a Independiente, <strong>siendo el goleador del Torneo Apertura 2026 con 6 tantos<\/strong>. Adem\u00e1s, tambi\u00e9n contribuy\u00f3 3 asistencias y es el jugador m\u00e1s determinante del Rojo en el semestre.<\/p>\n<p>El paraguayo se suma a <a href=\"https:\/\/www.locoxelrojo.com\/independiente\/2026\/03\/17\/millan-y-gutierrez-convocados-a-la-seleccion-de-chile\/\">Lautaro Millan y Maximiliano Guti\u00e9rrez<\/a>, convocados por Chile. <strong>Los tres se van a perder el partido de Copa Argentina ante Atenas de R\u00edo Cuarto el 27 de marzo.<\/strong><\/p>\n","protected":false},"excerpt":{"rendered":"<p>Gabriel \u00c1valos fue citado por Gustavo Alfaro para integrar la lista de Paraguay, en la fecha FIFA de amistosos previos al Mundial. El delantero del Rojo ser\u00e1 parte del combinado guaran\u00ed en los duelos amistosos en territorio europeo, ante Grecia el 27 de Marzo y Marruecos el 31 de marzo. Lista de convocados por el [&hellip;]<\/p>\n","protected":false},"author":101052,"featured_media":129301,"comment_status":"open","ping_status":"closed","sticky":false,"template":"","format":"standard","meta":{"_links_to":"","_links_to_target":""},"categories":[3280,3247],"tags":[5545,4242],"_links":{"self":[{"href":"https:\/\/www.locoxelrojo.com\/independiente\/wp-json\/wp\/v2\/posts\/129300"}],"collection":[{"href":"https:\/\/www.locoxelrojo.com\/independiente\/wp-json\/wp\/v2\/posts"}],"about":[{"href":"https:\/\/www.locoxelrojo.com\/independiente\/wp-json\/wp\/v2\/types\/post"}],"author":[{"embeddable":true,"href":"https:\/\/www.locoxelrojo.com\/independiente\/wp-json\/wp\/v2\/users\/101052"}],"replies":[{"embeddable":true,"href":"https:\/\/www.locoxelrojo.com\/independiente\/wp-json\/wp\/v2\/comments?post=129300"}],"version-history":[{"count":1,"href":"https:\/\/www.locoxelrojo.com\/independiente\/wp-json\/wp\/v2\/posts\/129300\/revisions"}],"predecessor-version":[{"id":129302,"href":"https:\/\/www.locoxelrojo.com\/independiente\/wp-json\/wp\/v2\/posts\/129300\/revisions\/129302"}],"wp:featuredmedia":[{"embeddable":true,"href":"https:\/\/www.locoxelrojo.com\/independiente\/wp-json\/wp\/v2\/media\/129301"}],"wp:attachment":[{"href":"https:\/\/www.locoxelrojo.com\/independiente\/wp-json\/wp\/v2\/media?parent=129300"}],"wp:term":[{"taxonomy":"category","embeddable":true,"href":"https:\/\/www.locoxelrojo.com\/independiente\/wp-json\/wp\/v2\/categories?post=129300"},{"taxonomy":"post_tag","embeddable":true,"href":"https:\/\/www.locoxelrojo.com\/independiente\/wp-json\/wp\/v2\/tags?post=129300"}],"curies":[{"name":"wp","href":"https:\/\/api.w.org\/{rel}","templated":true}]}}