{"id":129303,"date":"2026-03-17T21:55:13","date_gmt":"2026-03-18T00:55:13","guid":{"rendered":"https:\/\/www.locoxelrojo.com\/independiente\/?p=129303"},"modified":"2026-03-17T21:55:13","modified_gmt":"2026-03-18T00:55:13","slug":"zabala-desgarrado","status":"publish","type":"post","link":"https:\/\/www.locoxelrojo.com\/independiente\/2026\/03\/17\/zabala-desgarrado\/","title":{"rendered":"Zabala desgarrado"},"content":{"rendered":"<p><strong>Facundo Zabala<\/strong> sali\u00f3 lesionado a los 20 minutos en <a href=\"https:\/\/www.locoxelrojo.com\/independiente\/2026\/03\/17\/jugo-horrible-perdio-y-volvio-a-decepcionar\/\">la derrota 2-1 frente a Instituto de C\u00f3rdoba<\/a>, por la fecha 11 del Torneo Apertura. Los estudios no dieron el mejor panorama.<\/p>\n<p>El lateral derecho sinti\u00f3 una molestia muscular durante la entrada en calor. Sin embargo, <strong>el cuerpo t\u00e9cnico decidi\u00f3 que vaya de arranque, pero lo reemplazaron r\u00e1pidamente.<\/strong><\/p>\n<p>Con el plantel ya en Buenos Aires, Zabala se realiz\u00f3 estudios para saber la gravedad de su lesi\u00f3n y <strong>los resultados arrojaron un desgarro grado 1 en el isquiotibial izquierdo.<\/strong><\/p>\n<p><strong>Se pierde el pr\u00f3ximo partido ante Talleres de C\u00f3rdoba y es poco probable que est\u00e9 en el duelo de Copa Argentina con Atenas de R\u00edo Cuarto<\/strong>. Todos los ca\u00f1ones apuntan a que pueda estar en el cl\u00e1sico con Racing.<\/p>\n","protected":false},"excerpt":{"rendered":"<p>Facundo Zabala sali\u00f3 lesionado a los 20 minutos en la derrota 2-1 frente a Instituto de C\u00f3rdoba, por la fecha 11 del Torneo Apertura. Los estudios no dieron el mejor panorama. El lateral derecho sinti\u00f3 una molestia muscular durante la entrada en calor. Sin embargo, el cuerpo t\u00e9cnico decidi\u00f3 que vaya de arranque, pero lo [&hellip;]<\/p>\n","protected":false},"author":101051,"featured_media":129304,"comment_status":"open","ping_status":"closed","sticky":false,"template":"","format":"standard","meta":{"_links_to":"","_links_to_target":""},"categories":[3247,3],"tags":[153,5679],"_links":{"self":[{"href":"https:\/\/www.locoxelrojo.com\/independiente\/wp-json\/wp\/v2\/posts\/129303"}],"collection":[{"href":"https:\/\/www.locoxelrojo.com\/independiente\/wp-json\/wp\/v2\/posts"}],"about":[{"href":"https:\/\/www.locoxelrojo.com\/independiente\/wp-json\/wp\/v2\/types\/post"}],"author":[{"embeddable":true,"href":"https:\/\/www.locoxelrojo.com\/independiente\/wp-json\/wp\/v2\/users\/101051"}],"replies":[{"embeddable":true,"href":"https:\/\/www.locoxelrojo.com\/independiente\/wp-json\/wp\/v2\/comments?post=129303"}],"version-history":[{"count":1,"href":"https:\/\/www.locoxelrojo.com\/independiente\/wp-json\/wp\/v2\/posts\/129303\/revisions"}],"predecessor-version":[{"id":129305,"href":"https:\/\/www.locoxelrojo.com\/independiente\/wp-json\/wp\/v2\/posts\/129303\/revisions\/129305"}],"wp:featuredmedia":[{"embeddable":true,"href":"https:\/\/www.locoxelrojo.com\/independiente\/wp-json\/wp\/v2\/media\/129304"}],"wp:attachment":[{"href":"https:\/\/www.locoxelrojo.com\/independiente\/wp-json\/wp\/v2\/media?parent=129303"}],"wp:term":[{"taxonomy":"category","embeddable":true,"href":"https:\/\/www.locoxelrojo.com\/independiente\/wp-json\/wp\/v2\/categories?post=129303"},{"taxonomy":"post_tag","embeddable":true,"href":"https:\/\/www.locoxelrojo.com\/independiente\/wp-json\/wp\/v2\/tags?post=129303"}],"curies":[{"name":"wp","href":"https:\/\/api.w.org\/{rel}","templated":true}]}}