{"id":129319,"date":"2026-03-18T20:38:09","date_gmt":"2026-03-18T23:38:09","guid":{"rendered":"https:\/\/www.locoxelrojo.com\/independiente\/?p=129319"},"modified":"2026-03-18T20:38:09","modified_gmt":"2026-03-18T23:38:09","slug":"medina-extendio-y-mejoro-su-contrato","status":"publish","type":"post","link":"https:\/\/www.locoxelrojo.com\/independiente\/2026\/03\/18\/medina-extendio-y-mejoro-su-contrato\/","title":{"rendered":"Medina extendi\u00f3 y mejor\u00f3 su contrato"},"content":{"rendered":"<p><strong>Joel Medina extendi\u00f3 su contrato con Independiente.<\/strong><\/p>\n<p>El mediocampista de 18 a\u00f1os firm\u00f3 hoy la renovaci\u00f3n de su contrato <strong>hasta diciembre de 2028 y recibi\u00f3 una mejora salarial.<\/strong><\/p>\n<p><strong>Con la llegada de Gustavo Quinteros perdi\u00f3 terreno en la Primera Divisi\u00f3n<\/strong> del Rojo, pero es habitual titular en la Reserva dirigida por Carlos Matheu.<\/p>\n<p>Medina debut\u00f3 el a\u00f1o pasado, en la derrota por 1-0 ante Rosario Central, por la fecha 16 del Torneo Apertura. <strong>En total jug\u00f3 2 partidos y sum\u00f3 91 minutos en cancha.<\/strong><\/p>\n<blockquote class=\"twitter-tweet\">\n<p dir=\"ltr\" lang=\"es\">\u270d\ufe0f Joel Medina recibi\u00f3 una mejora salarial y extendi\u00f3 su contrato con <a href=\"https:\/\/twitter.com\/hashtag\/Independiente?src=hash&amp;ref_src=twsrc%5Etfw\">#Independiente<\/a> hasta diciembre de 2028.<a href=\"https:\/\/twitter.com\/hashtag\/TodoRojo?src=hash&amp;ref_src=twsrc%5Etfw\">#TodoRojo<\/a>  <a href=\"https:\/\/t.co\/z1nTsk8SYz\">pic.twitter.com\/z1nTsk8SYz<\/a><\/p>\n<p>\u2014 C. A. Independiente (@Independiente) <a href=\"https:\/\/twitter.com\/Independiente\/status\/2034324025455865967?ref_src=twsrc%5Etfw\">March 18, 2026<\/a><\/p><\/blockquote>\n<p><script async src=\"https:\/\/platform.twitter.com\/widgets.js\" charset=\"utf-8\"><\/script><\/p>\n","protected":false},"excerpt":{"rendered":"<p>Joel Medina extendi\u00f3 su contrato con Independiente. El mediocampista de 18 a\u00f1os firm\u00f3 hoy la renovaci\u00f3n de su contrato hasta diciembre de 2028 y recibi\u00f3 una mejora salarial. Con la llegada de Gustavo Quinteros perdi\u00f3 terreno en la Primera Divisi\u00f3n del Rojo, pero es habitual titular en la Reserva dirigida por Carlos Matheu. Medina debut\u00f3 [&hellip;]<\/p>\n","protected":false},"author":101052,"featured_media":129320,"comment_status":"open","ping_status":"closed","sticky":false,"template":"","format":"standard","meta":{"_links_to":"","_links_to_target":""},"categories":[3247,3],"tags":[153,5430],"_links":{"self":[{"href":"https:\/\/www.locoxelrojo.com\/independiente\/wp-json\/wp\/v2\/posts\/129319"}],"collection":[{"href":"https:\/\/www.locoxelrojo.com\/independiente\/wp-json\/wp\/v2\/posts"}],"about":[{"href":"https:\/\/www.locoxelrojo.com\/independiente\/wp-json\/wp\/v2\/types\/post"}],"author":[{"embeddable":true,"href":"https:\/\/www.locoxelrojo.com\/independiente\/wp-json\/wp\/v2\/users\/101052"}],"replies":[{"embeddable":true,"href":"https:\/\/www.locoxelrojo.com\/independiente\/wp-json\/wp\/v2\/comments?post=129319"}],"version-history":[{"count":1,"href":"https:\/\/www.locoxelrojo.com\/independiente\/wp-json\/wp\/v2\/posts\/129319\/revisions"}],"predecessor-version":[{"id":129321,"href":"https:\/\/www.locoxelrojo.com\/independiente\/wp-json\/wp\/v2\/posts\/129319\/revisions\/129321"}],"wp:featuredmedia":[{"embeddable":true,"href":"https:\/\/www.locoxelrojo.com\/independiente\/wp-json\/wp\/v2\/media\/129320"}],"wp:attachment":[{"href":"https:\/\/www.locoxelrojo.com\/independiente\/wp-json\/wp\/v2\/media?parent=129319"}],"wp:term":[{"taxonomy":"category","embeddable":true,"href":"https:\/\/www.locoxelrojo.com\/independiente\/wp-json\/wp\/v2\/categories?post=129319"},{"taxonomy":"post_tag","embeddable":true,"href":"https:\/\/www.locoxelrojo.com\/independiente\/wp-json\/wp\/v2\/tags?post=129319"}],"curies":[{"name":"wp","href":"https:\/\/api.w.org\/{rel}","templated":true}]}}