{"id":12944,"date":"2011-11-23T19:37:16","date_gmt":"2011-11-23T22:37:16","guid":{"rendered":"http:\/\/www.locoxelrojo.com.ar\/independiente\/?p=12944"},"modified":"2011-11-23T19:37:16","modified_gmt":"2011-11-23T22:37:16","slug":"ferreyra-ramon-nos-pidio-atencion","status":"publish","type":"post","link":"https:\/\/www.locoxelrojo.com\/independiente\/2011\/11\/23\/ferreyra-ramon-nos-pidio-atencion\/","title":{"rendered":"Ferreyra: &#8220;Ram\u00f3n nos pidi\u00f3 atenci\u00f3n&#8221;"},"content":{"rendered":"<p><a href=\"http:\/\/www.locoxelrojo.com.ar\/independiente\/wp-content\/uploads\/2011\/11\/osmar_ferreyra.jpg\"><img loading=\"lazy\" class=\"alignnone size-full wp-image-12946\" title=\"osmar_ferreyra\" src=\"http:\/\/www.locoxelrojo.com.ar\/independiente\/wp-content\/uploads\/2011\/11\/osmar_ferreyra.jpg\" alt=\"\" width=\"590\" height=\"315\" srcset=\"https:\/\/locoxelrojo.com\/independiente\/wp-content\/uploads\/2011\/11\/osmar_ferreyra.jpg 590w, https:\/\/locoxelrojo.com\/independiente\/wp-content\/uploads\/2011\/11\/osmar_ferreyra-300x160.jpg 300w\" sizes=\"(max-width: 590px) 100vw, 590px\" \/><\/a><\/p>\n<p><strong>Osmar Ferreyra<\/strong> se refiri\u00f3 a Colegiales en la previa del choque por los 32avos de final de la Copa Arentina. <strong>&#8220;Se trata de un nuevo torneo, es novedoso para todos pero le da la oportunidad a los equipos chicos de mostrarse<\/strong>&#8220;, advirti\u00f3 el volante.<\/p>\n<p>Luego explic\u00f3 que el plantel sinti\u00f3 el cansancio producto de la reprogramaci\u00f3n del viaje.<strong> &#8220;El vuelo fue bravo y estuvimos fastidiosos<\/strong>&#8220;, confi\u00f3 el volante quien por el torneo local tiene 14 presentaciones y un gol.<\/p>\n<p>Por \u00faltimo se refiri\u00f3 al rival. <strong>&#8220;Colegiales es un equipo con muy buenos ejecutadores y cabeceadores de pelota parada. Ram\u00f3n hizo hincapi\u00e9 en eso y nos pidi\u00f3 atenci\u00f3n&#8221;<\/strong>, cerr\u00f3.<\/p>\n","protected":false},"excerpt":{"rendered":"<p>Osmar Ferreyra se refiri\u00f3 a Colegiales en la previa del choque por los 32avos de final de la Copa Arentina. &#8220;Se trata de un nuevo torneo, es novedoso para todos pero le da la oportunidad a los equipos chicos de mostrarse&#8220;, advirti\u00f3 el volante. Luego explic\u00f3 que el plantel sinti\u00f3 el cansancio producto de la [&hellip;]<\/p>\n","protected":false},"author":1,"featured_media":0,"comment_status":"open","ping_status":"open","sticky":false,"template":"","format":"standard","meta":{"_links_to":"","_links_to_target":""},"categories":[800,3,1],"tags":[153,1097,3273,916,903],"_links":{"self":[{"href":"https:\/\/www.locoxelrojo.com\/independiente\/wp-json\/wp\/v2\/posts\/12944"}],"collection":[{"href":"https:\/\/www.locoxelrojo.com\/independiente\/wp-json\/wp\/v2\/posts"}],"about":[{"href":"https:\/\/www.locoxelrojo.com\/independiente\/wp-json\/wp\/v2\/types\/post"}],"author":[{"embeddable":true,"href":"https:\/\/www.locoxelrojo.com\/independiente\/wp-json\/wp\/v2\/users\/1"}],"replies":[{"embeddable":true,"href":"https:\/\/www.locoxelrojo.com\/independiente\/wp-json\/wp\/v2\/comments?post=12944"}],"version-history":[{"count":0,"href":"https:\/\/www.locoxelrojo.com\/independiente\/wp-json\/wp\/v2\/posts\/12944\/revisions"}],"wp:attachment":[{"href":"https:\/\/www.locoxelrojo.com\/independiente\/wp-json\/wp\/v2\/media?parent=12944"}],"wp:term":[{"taxonomy":"category","embeddable":true,"href":"https:\/\/www.locoxelrojo.com\/independiente\/wp-json\/wp\/v2\/categories?post=12944"},{"taxonomy":"post_tag","embeddable":true,"href":"https:\/\/www.locoxelrojo.com\/independiente\/wp-json\/wp\/v2\/tags?post=12944"}],"curies":[{"name":"wp","href":"https:\/\/api.w.org\/{rel}","templated":true}]}}