{"id":129480,"date":"2026-04-04T20:53:32","date_gmt":"2026-04-04T23:53:32","guid":{"rendered":"https:\/\/www.locoxelrojo.com\/independiente\/?p=129480"},"modified":"2026-04-05T00:00:40","modified_gmt":"2026-04-05T03:00:40","slug":"quinteros-seguimos-en-deuda-con-el-hincha","status":"publish","type":"post","link":"https:\/\/www.locoxelrojo.com\/independiente\/2026\/04\/04\/quinteros-seguimos-en-deuda-con-el-hincha\/","title":{"rendered":"Quinteros: &#8220;Seguimos en deuda con el hincha&#8221;"},"content":{"rendered":"<p><strong>Gustavo Quinteros habl\u00f3 en conferencia tras la victoria 1-0 de Independiente sobre Racing por la fecha 13 del Torneo Apertura.<\/strong><\/p>\n<p>Quinteros analiz\u00f3 el encuentro e hizo autocr\u00edtica: <strong>&#8220;No me gust\u00f3 el primer tiempo, y seguramente a la gente tampoco. En el segundo mejoramos, y elaboramos dos o tres jugadas muy buenas. Creo que este partido ligamos. Ellos tuvieron tres situaciones y nosotros tres o cuatro. Nos toc\u00f3 ligar esta vez, que contra Talleres no pudimos, generando seis o siete situaciones y ahora s\u00ed&#8221;.<\/strong><\/p>\n<p>Y sigui\u00f3 con la autocr\u00edtica: <strong>&#8220;Yo s\u00e9 d\u00f3nde estoy y seguimos en deuda con la gente. Hay que ser m\u00e1s competitivo&#8221;. <\/strong>Adem\u00e1s, destac\u00f3 que est\u00e1 mejorando el clima en el equipo:<strong> &#8220;Estamos contentos, porque est\u00e1 cambiando el estado de \u00e1nimo, o cambi\u00f3. Tambi\u00e9n la motivaci\u00f3n. Y creo que mejorando algunas cosas que tenemos que seguir mejorando, defendiendo un poco mejor a espaldas, vamos a tener muchas m\u00e1s posibilidades de ganar los partidos que vienen&#8221;<\/strong>.<\/p>\n<p>Luego, habl\u00f3 sobre la precisi\u00f3n que tuvo su elenco a la hora de definir: <strong>&#8220;Creo que hoy fuimos m\u00e1s precisos en el \u00e1rea. En situaciones claras de gol estuvimos parejos y fuimos m\u00e1s precisos. As\u00ed que bienvenido, porque no lo hab\u00edamos podido capitalizar en partidos anteriores&#8221;.<\/strong><\/p>\n<p>Por \u00faltimo, el DT del Rey de Copas, palpit\u00f3 el pr\u00f3ximo encuentro: <strong>&#8220;Ojal\u00e1 podamos nosotros esta temporada darle una alegr\u00eda muy grande a la gente, que lo merece. As\u00ed que esperemos que este triunfo nos d\u00e9 confianza para soltarnos m\u00e1s aun e ir a la cancha de Boca y jugar para ganar&#8221;.<\/strong><\/p>\n","protected":false},"excerpt":{"rendered":"<p>Gustavo Quinteros habl\u00f3 en conferencia tras la victoria 1-0 de Independiente sobre Racing por la fecha 13 del Torneo Apertura. Quinteros analiz\u00f3 el encuentro e hizo autocr\u00edtica: &#8220;No me gust\u00f3 el primer tiempo, y seguramente a la gente tampoco. En el segundo mejoramos, y elaboramos dos o tres jugadas muy buenas. Creo que este partido [&hellip;]<\/p>\n","protected":false},"author":101043,"featured_media":129481,"comment_status":"open","ping_status":"closed","sticky":false,"template":"","format":"standard","meta":{"_links_to":"","_links_to_target":""},"categories":[3247,3],"tags":[153,5267,1994,5910],"_links":{"self":[{"href":"https:\/\/www.locoxelrojo.com\/independiente\/wp-json\/wp\/v2\/posts\/129480"}],"collection":[{"href":"https:\/\/www.locoxelrojo.com\/independiente\/wp-json\/wp\/v2\/posts"}],"about":[{"href":"https:\/\/www.locoxelrojo.com\/independiente\/wp-json\/wp\/v2\/types\/post"}],"author":[{"embeddable":true,"href":"https:\/\/www.locoxelrojo.com\/independiente\/wp-json\/wp\/v2\/users\/101043"}],"replies":[{"embeddable":true,"href":"https:\/\/www.locoxelrojo.com\/independiente\/wp-json\/wp\/v2\/comments?post=129480"}],"version-history":[{"count":1,"href":"https:\/\/www.locoxelrojo.com\/independiente\/wp-json\/wp\/v2\/posts\/129480\/revisions"}],"predecessor-version":[{"id":129482,"href":"https:\/\/www.locoxelrojo.com\/independiente\/wp-json\/wp\/v2\/posts\/129480\/revisions\/129482"}],"wp:featuredmedia":[{"embeddable":true,"href":"https:\/\/www.locoxelrojo.com\/independiente\/wp-json\/wp\/v2\/media\/129481"}],"wp:attachment":[{"href":"https:\/\/www.locoxelrojo.com\/independiente\/wp-json\/wp\/v2\/media?parent=129480"}],"wp:term":[{"taxonomy":"category","embeddable":true,"href":"https:\/\/www.locoxelrojo.com\/independiente\/wp-json\/wp\/v2\/categories?post=129480"},{"taxonomy":"post_tag","embeddable":true,"href":"https:\/\/www.locoxelrojo.com\/independiente\/wp-json\/wp\/v2\/tags?post=129480"}],"curies":[{"name":"wp","href":"https:\/\/api.w.org\/{rel}","templated":true}]}}